{"id":10205,"date":"2021-05-11T08:30:00","date_gmt":"2021-05-11T06:30:00","guid":{"rendered":"https:\/\/www.q-software-solutions.de\/blog\/?p=10205"},"modified":"2021-05-18T15:24:28","modified_gmt":"2021-05-18T13:24:28","slug":"fazit-nach-nun-mehr-12-jahren","status":"publish","type":"post","link":"https:\/\/www.q-software-solutions.de\/blog\/2021\/05\/fazit-nach-nun-mehr-12-jahren\/","title":{"rendered":"Fazit nach nun mehr 12 Jahren"},"content":{"rendered":"<p>in meinem Blog, ca 3 Jahren auf FB, mehreren Jahren bei der FDP und\u00a0 PDV.<br \/>\nDie W\u00e4hler und Nichtw\u00e4hler sind an unserem Schlamassel schuld. Die W\u00e4hler weil sie f\u00fcr immer mehr Diktatur stimmten,\u00a0\u00a0 hier noch ein Gesetzchen, dort noch eine Einschr\u00e4nkung, die krasse Missachtung\u00a0 von Eigentumsrechten, Bevormundung und jede Menge Hand- und Spanndienste.<\/p>\n<p>All das ist die Schulde der meisten W\u00e4hler und auch der Nichtw\u00e4hler. Den Nichtw\u00e4hlern ist es sch&#8230; egal, die W\u00e4hler wollen mehr Diktatur und die Nichtw\u00e4hler zucken dazu nur mit den\u00a0 Schultern. Manche meckern aber kapieren nicht, da\u00df Demokratie nur funktioniert wenn man dagegen h\u00e4lt.<\/p>\n<p>Es ist eben nicht so, da\u00df selbst ich gewarnt h\u00e4tte. Nein, es war nicht nur ich, es waren aber meist Liberale und die lagen in der Vergangenheit richtig und liegen es jetzt auch. Sie sind nur zu dumm, da\u00df auch anders umsetzen zu wollen. Sie w\u00e4hlen auch sozialdemokratische Parteien und Nicken nur zu den immer eklatanteren Eigentumsverletzungen. In einer sozialdemokratischen Partei hat kein Liberaler etwas verloren. Es ist einfach nicht vern\u00fcnftig. Aus keiner sozialdemokratischen Partei wurde je eine liberale, aber aus allen liberalen Parteien wurden Sozialdemokraten und heute Spezialdemokraten und Sozialisten wie die Linke und die Gr\u00fcnen.<\/p>\n<p>Es ist die Schuld der meisten W\u00e4hler, die daf\u00fcr W\u00e4hler und es ist die Schulde der Nichtw\u00e4hler nicht dagegen zu w\u00e4hlen.<\/p>\n<p>Es wird absehbar schlimmer werden.<\/p>\n","protected":false},"excerpt":{"rendered":"<p>in meinem Blog, ca 3 Jahren auf FB, mehreren Jahren bei der FDP und\u00a0 PDV. Die W\u00e4hler und Nichtw\u00e4hler sind an unserem Schlamassel schuld. Die W\u00e4hler weil sie f\u00fcr immer mehr Diktatur stimmten,\u00a0\u00a0 hier noch ein Gesetzchen, dort noch eine Einschr\u00e4nkung, die krasse Missachtung\u00a0 von Eigentumsrechten, Bevormundung und jede Menge Hand- und Spanndienste. All das [&hellip;]<\/p>\n","protected":false},"author":1,"featured_media":0,"comment_status":"open","ping_status":"open","sticky":false,"template":"","format":"standard","meta":{"footnotes":""},"categories":[7878,321,555,345,7986,7985,7858,7879,40,20,138,289,7777,7795,9,963],"tags":[],"class_list":["post-10205","post","type-post","status-publish","format-standard","hentry","category-bildung","category-buerokrtatie","category-delebets","category-gutmenschen","category-herrschaft","category-idiotie","category-liberalismus","category-logik","category-luegen","category-politik","category-recht","category-sozialismus","category-unrecht","category-verbrechen","category-wahl","category-willkuer"],"_links":{"self":[{"href":"https:\/\/www.q-software-solutions.de\/blog\/wp-json\/wp\/v2\/posts\/10205","targetHints":{"allow":["GET"]}}],"collection":[{"href":"https:\/\/www.q-software-solutions.de\/blog\/wp-json\/wp\/v2\/posts"}],"about":[{"href":"https:\/\/www.q-software-solutions.de\/blog\/wp-json\/wp\/v2\/types\/post"}],"author":[{"embeddable":true,"href":"https:\/\/www.q-software-solutions.de\/blog\/wp-json\/wp\/v2\/users\/1"}],"replies":[{"embeddable":true,"href":"https:\/\/www.q-software-solutions.de\/blog\/wp-json\/wp\/v2\/comments?post=10205"}],"version-history":[{"count":0,"href":"https:\/\/www.q-software-solutions.de\/blog\/wp-json\/wp\/v2\/posts\/10205\/revisions"}],"wp:attachment":[{"href":"https:\/\/www.q-software-solutions.de\/blog\/wp-json\/wp\/v2\/media?parent=10205"}],"wp:term":[{"taxonomy":"category","embeddable":true,"href":"https:\/\/www.q-software-solutions.de\/blog\/wp-json\/wp\/v2\/categories?post=10205"},{"taxonomy":"post_tag","embeddable":true,"href":"https:\/\/www.q-software-solutions.de\/blog\/wp-json\/wp\/v2\/tags?post=10205"}],"curies":[{"name":"wp","href":"https:\/\/api.w.org\/{rel}","templated":true}]}}