{"id":10264,"date":"2021-06-28T09:48:06","date_gmt":"2021-06-28T07:48:06","guid":{"rendered":"https:\/\/www.q-software-solutions.de\/blog\/?p=10264"},"modified":"2021-06-28T09:48:06","modified_gmt":"2021-06-28T07:48:06","slug":"man-sieht-es-ganz-genau","status":"publish","type":"post","link":"https:\/\/www.q-software-solutions.de\/blog\/2021\/06\/man-sieht-es-ganz-genau\/","title":{"rendered":"Man sieht es ganz genau"},"content":{"rendered":"<p>die einmal erreichte Machtf\u00fclle und die m\u00f6gliche Willk\u00fcr gegen jeden Einzelnen, hat etwas s\u00fcchtig machendes f\u00fcr unsere Politik, dazu nutzt man die Europameisterschaft um klammheimlich die Willk\u00fcr zu zementieren und auszubauen.<\/p>\n<p>Fast keiner merkt es und immer dasselber Argument. Wenn&#8217;s f\u00fcr etwas Gutes ist, (gut im Sinne von mehr Macht f\u00fcr Politiker), dann ist es keine Willk\u00fcr! Es ist nur Willk\u00fcr wenn es kein a) gar so guter Mensch es macht b) er grunds\u00e4tzlich kein Linker ist oder einer der Etatismus oder Nepotismus ablehnt.<\/p>\n<p>Und so geht die Freiheit, St\u00fcck f\u00fcr St\u00fcck, es wird wohl erst wieder viel Blut fliessen m\u00fcssen, bevor sich das wieder \u00e4ndert &#8230;.<\/p>\n","protected":false},"excerpt":{"rendered":"<p>die einmal erreichte Machtf\u00fclle und die m\u00f6gliche Willk\u00fcr gegen jeden Einzelnen, hat etwas s\u00fcchtig machendes f\u00fcr unsere Politik, dazu nutzt man die Europameisterschaft um klammheimlich die Willk\u00fcr zu zementieren und auszubauen. Fast keiner merkt es und immer dasselber Argument. Wenn&#8217;s f\u00fcr etwas Gutes ist, (gut im Sinne von mehr Macht f\u00fcr Politiker), dann ist es [&hellip;]<\/p>\n","protected":false},"author":1,"featured_media":0,"comment_status":"open","ping_status":"open","sticky":false,"template":"","format":"standard","meta":{"footnotes":""},"categories":[7878,84,1709,7917,93,345,7986,79,7858,7879,963],"tags":[],"class_list":["post-10264","post","type-post","status-publish","format-standard","hentry","category-bildung","category-freiheit","category-fud","category-gerechtigkeit","category-gewalt","category-gutmenschen","category-herrschaft","category-krieg","category-liberalismus","category-logik","category-willkuer"],"_links":{"self":[{"href":"https:\/\/www.q-software-solutions.de\/blog\/wp-json\/wp\/v2\/posts\/10264","targetHints":{"allow":["GET"]}}],"collection":[{"href":"https:\/\/www.q-software-solutions.de\/blog\/wp-json\/wp\/v2\/posts"}],"about":[{"href":"https:\/\/www.q-software-solutions.de\/blog\/wp-json\/wp\/v2\/types\/post"}],"author":[{"embeddable":true,"href":"https:\/\/www.q-software-solutions.de\/blog\/wp-json\/wp\/v2\/users\/1"}],"replies":[{"embeddable":true,"href":"https:\/\/www.q-software-solutions.de\/blog\/wp-json\/wp\/v2\/comments?post=10264"}],"version-history":[{"count":0,"href":"https:\/\/www.q-software-solutions.de\/blog\/wp-json\/wp\/v2\/posts\/10264\/revisions"}],"wp:attachment":[{"href":"https:\/\/www.q-software-solutions.de\/blog\/wp-json\/wp\/v2\/media?parent=10264"}],"wp:term":[{"taxonomy":"category","embeddable":true,"href":"https:\/\/www.q-software-solutions.de\/blog\/wp-json\/wp\/v2\/categories?post=10264"},{"taxonomy":"post_tag","embeddable":true,"href":"https:\/\/www.q-software-solutions.de\/blog\/wp-json\/wp\/v2\/tags?post=10264"}],"curies":[{"name":"wp","href":"https:\/\/api.w.org\/{rel}","templated":true}]}}