{"id":10350,"date":"2021-09-15T11:03:11","date_gmt":"2021-09-15T09:03:11","guid":{"rendered":"https:\/\/www.q-software-solutions.de\/blog\/?p=10350"},"modified":"2021-09-16T06:19:30","modified_gmt":"2021-09-16T04:19:30","slug":"praktische-erwaegungen-zur-btw-2021","status":"publish","type":"post","link":"https:\/\/www.q-software-solutions.de\/blog\/2021\/09\/praktische-erwaegungen-zur-btw-2021\/","title":{"rendered":"Praktische Erw\u00e4gungen zur BTW 2021"},"content":{"rendered":"<p>Tja f\u00fcr Liberale ist es eine Albtraumwahl.<br \/>\nEs gibt keine dedizierte liberale Partei zu w\u00e4hlen.<br \/>\nPseudoliberale, Ordoliberale, Neoliberale, Linksliberale, Liberallalalalas.<\/p>\n<p>Also was tun als Liberaler?<\/p>\n<p>Empfehlen kann ich folgende Parteien nicht:<br \/>\nCDU\/SPD\/Gr\u00fcne\/Linke\/FDP\/<\/p>\n<p>damit bleibt nicht mehr viel \u00fcbrig.<\/p>\n<p>Kann ich die AfD empfehlen? Nein kann ich nicht! Es ist keine liberale Partei und das Einzige was f\u00fcr sie spricht. Sie ist die einzige die aus der Alternativlosigkeit ausschert.<\/p>\n<p>Kann einem das als Liberalem reichen? Vielleicht &#8211; vielleicht nicht<\/p>\n<p>Was kann ich f\u00fcr die Zukunft empfehlen?<br \/>\nDas ist einfach<br \/>\n&#8211; Beitritt bei der PDV<\/p>\n<p>&#8211; Aktivierung von Landesverb\u00e4nden<br \/>\n&#8211; UU-Sammeln<br \/>\n&#8211; Wahlteilnahme<br \/>\n&#8211; w\u00e4hlen<\/p>\n<p>Sie m\u00fcssen sich auf eine liberale Partei als ihren politischen Arm konzentrieren. Dann kann auch eine liberale Partei in die Landtage und dem Bundestag kommen.<\/p>\n<p>Weitere \u00dcberlegungen, die man eventuell als Liberale anschauen k\u00f6nnte: Die Basis, LKR, und freie W\u00e4hler<\/p>\n<p>Problem der LKR, sie tritt nur in einigen L\u00e4ndern an<\/p>\n<p>Sie k\u00f6nnen im Augenblick nur realistisch komplett Protest w\u00e4hlen oder aber f\u00fcr eine irgendwie geartete Gr\u00fcn\/Rote Koalition. Tut mir leid, ist aber leider so.<\/p>\n","protected":false},"excerpt":{"rendered":"<p>Tja f\u00fcr Liberale ist es eine Albtraumwahl. Es gibt keine dedizierte liberale Partei zu w\u00e4hlen. Pseudoliberale, Ordoliberale, Neoliberale, Linksliberale, Liberallalalalas. Also was tun als Liberaler? Empfehlen kann ich folgende Parteien nicht: CDU\/SPD\/Gr\u00fcne\/Linke\/FDP\/ damit bleibt nicht mehr viel \u00fcbrig. Kann ich die AfD empfehlen? Nein kann ich nicht! Es ist keine liberale Partei und das Einzige [&hellip;]<\/p>\n","protected":false},"author":1,"featured_media":0,"comment_status":"open","ping_status":"open","sticky":false,"template":"","format":"standard","meta":{"footnotes":""},"categories":[7878,84,1709,7917,7972,93,345,40,20],"tags":[5558],"class_list":["post-10350","post","type-post","status-publish","format-standard","hentry","category-bildung","category-freiheit","category-fud","category-gerechtigkeit","category-geschichte","category-gewalt","category-gutmenschen","category-luegen","category-politik","tag-bundestagswahl"],"_links":{"self":[{"href":"https:\/\/www.q-software-solutions.de\/blog\/wp-json\/wp\/v2\/posts\/10350","targetHints":{"allow":["GET"]}}],"collection":[{"href":"https:\/\/www.q-software-solutions.de\/blog\/wp-json\/wp\/v2\/posts"}],"about":[{"href":"https:\/\/www.q-software-solutions.de\/blog\/wp-json\/wp\/v2\/types\/post"}],"author":[{"embeddable":true,"href":"https:\/\/www.q-software-solutions.de\/blog\/wp-json\/wp\/v2\/users\/1"}],"replies":[{"embeddable":true,"href":"https:\/\/www.q-software-solutions.de\/blog\/wp-json\/wp\/v2\/comments?post=10350"}],"version-history":[{"count":0,"href":"https:\/\/www.q-software-solutions.de\/blog\/wp-json\/wp\/v2\/posts\/10350\/revisions"}],"wp:attachment":[{"href":"https:\/\/www.q-software-solutions.de\/blog\/wp-json\/wp\/v2\/media?parent=10350"}],"wp:term":[{"taxonomy":"category","embeddable":true,"href":"https:\/\/www.q-software-solutions.de\/blog\/wp-json\/wp\/v2\/categories?post=10350"},{"taxonomy":"post_tag","embeddable":true,"href":"https:\/\/www.q-software-solutions.de\/blog\/wp-json\/wp\/v2\/tags?post=10350"}],"curies":[{"name":"wp","href":"https:\/\/api.w.org\/{rel}","templated":true}]}}