{"id":10507,"date":"2021-12-30T07:54:17","date_gmt":"2021-12-30T06:54:17","guid":{"rendered":"https:\/\/www.q-software-solutions.de\/blog\/?p=10507"},"modified":"2021-12-30T07:54:17","modified_gmt":"2021-12-30T06:54:17","slug":"ironie-und-verurteilung","status":"publish","type":"post","link":"https:\/\/www.q-software-solutions.de\/blog\/2021\/12\/ironie-und-verurteilung\/","title":{"rendered":"Ironie und Verurteilung"},"content":{"rendered":"<p>Das Gute daran &#8211; ist die Ironie darin. Beim ZDF geht ein &#8230;, man wird in als integer, kritisch unbestechlich beschreiben, um das meiste was \u00fcber ihn gesagt werden wird, d\u00fcrfen Sie ohne Bedenken &#8222;&#8220; setzen.<br \/>\nDazu ist der oberste Antisemitismus Beauftragte von BW auf einer Antisemitenliste gelandet. Das ist zwar ironisch, aber was ihm vorgeworfen wird, ist garantiert falsch. Likes auf irgendetwas hier oder bei Twitter von angeblich seinem Account, ich behaupte mal, da hat jemand noch weniger Ahnung von diesen Medien wie unsere Ex-BukaIn vom Internet.<\/p>\n<p>Das ZDF ist \u00f6ffentlich rechtlich und daher wird es kein Problem seien ein &#8230; durch ein anderes zu ersetzen. Der \u00d6RR ist in D eine klare Parallelwelt. Abgeschirmt und gesch\u00fctzt durch das Gewaltmonopol. Ja, es mag Journalisten beim \u00d6RR geben die in Krisengebieten umkommen und das sind wahrscheinlich die  von denen man noch am meisten halten kann. Aber alle Angestellten hier in D oder entwickelten friedlichen L\u00e4nder sind nichts als &#8230;, die nur eins bef\u00fcrworten. Mehr Gewalt gegen den Einzelnen, da\u00df Sie das, f\u00fcr mich als Liberalen, zum Feind macht ist klar.<\/p>\n<p>Zu den Antisemitismus Beauftragten in D, das ist ein Job den es nur auf Staatskosten geben kann, das ist wirklich absolut nichts wert und reine Geld und Zeitverschwendung. Die Antisemiten von heute werden nicht schreiben Juden sind &#8230;. (irgendwas negatives sondern) schreiben \u00fcber die &#8222;armen&#8220; unterdr\u00fcckten Sie wissen schon, wen ich meine. Und selbstredend wird alles umrahmt werden, das wird man ja wohl sagen d\u00fcrfen. Das ist schon ganz am\u00fcsant damit, manches darf man sagen und hier ist auff\u00e4llig, da\u00df der \u00d6RR und die Mitglieder der SED 2.0 weitgehend freie Hand haben. Andere werden damit diffamiert, beruflich ausgeschlossen, mundtot gemacht oder einfach verschwiegen. Ich kenne einen Bereich, wo es genau so ist. Wenn&#8217;s um Themen wie Wirtschaft, Geld, Zentralbanken geht, wer von Ihnen der &#8222;noch&#8220; \u00d6RR schaut kann sich an den Auftritt eines wirklichen Liberalen erinnern? Ich kenne nur 2 teilweise Ausnahmen Herr Sch\u00e4fer und Herr B\u00f6hringer, aber wann genau waren die in einer &#8222;Tallkrunde&#8220;. Der \u00d6RR zieht intellektuelle Schleimer an wie Mist die Fliegen, denken Sie mal an &#8222;Philosophen&#8220; wie Precht. (https:\/\/kaisertv.de\/2021\/05\/05\/ist-precht-ueberhaupt-noch-philosoph\/) Der absolut keine Ahnung von Wirtschaft hat aber genau dar\u00fcber in den Talkshows redet und nat\u00fcrlich ist niemand eingeladen, der diesen Scharlatan blo\u00df stellen k\u00f6nnte. Der Intendant bewahre! Der \u00d6RR ist eines der ganz gro\u00dfen und teuren Dreckl\u00f6cher in D, darum versteht sich Berln und \u00d6RR ganz ausgezeichnet. Ich nenne nur mal ein paar Namen: Frau von der Leyen, Frau Merkel, Frau B\u00e4rbock, Frau Schwesig, Frau, Kramp-Karrenbauer, Herr Laschek, Herr \u00d6zdemir, Herr S\u00f6der, Herr Seeh\u00f6fer. <\/p>\n<p>Der \u00d6RR ist reine Selbstbeweihr\u00e4ucherung von man mu\u00df es leider so nennen, gr\u00f6\u00dftenteils Schmarotzern.  Es ist v\u00f6llig klar, da\u00df der \u00d6RR in dieser Form ohne die Zwangsabgabe daf\u00fcr nicht existierte. Er ist weitgehend unn\u00fctz, manipulativ, inkorrekt, l\u00fcgnerisch und milliardenfach zu teuer<\/p>\n","protected":false},"excerpt":{"rendered":"<p>Das Gute daran &#8211; ist die Ironie darin. Beim ZDF geht ein &#8230;, man wird in als integer, kritisch unbestechlich beschreiben, um das meiste was \u00fcber ihn gesagt werden wird, d\u00fcrfen Sie ohne Bedenken &#8222;&#8220; setzen. Dazu ist der oberste Antisemitismus Beauftragte von BW auf einer Antisemitenliste gelandet. Das ist zwar ironisch, aber was ihm [&hellip;]<\/p>\n","protected":false},"author":1,"featured_media":0,"comment_status":"open","ping_status":"open","sticky":false,"template":"","format":"standard","meta":{"footnotes":""},"categories":[98,7878,555,1709,93,345,40,20,7777],"tags":[],"class_list":["post-10507","post","type-post","status-publish","format-standard","hentry","category-betrug","category-bildung","category-delebets","category-fud","category-gewalt","category-gutmenschen","category-luegen","category-politik","category-unrecht"],"_links":{"self":[{"href":"https:\/\/www.q-software-solutions.de\/blog\/wp-json\/wp\/v2\/posts\/10507","targetHints":{"allow":["GET"]}}],"collection":[{"href":"https:\/\/www.q-software-solutions.de\/blog\/wp-json\/wp\/v2\/posts"}],"about":[{"href":"https:\/\/www.q-software-solutions.de\/blog\/wp-json\/wp\/v2\/types\/post"}],"author":[{"embeddable":true,"href":"https:\/\/www.q-software-solutions.de\/blog\/wp-json\/wp\/v2\/users\/1"}],"replies":[{"embeddable":true,"href":"https:\/\/www.q-software-solutions.de\/blog\/wp-json\/wp\/v2\/comments?post=10507"}],"version-history":[{"count":0,"href":"https:\/\/www.q-software-solutions.de\/blog\/wp-json\/wp\/v2\/posts\/10507\/revisions"}],"wp:attachment":[{"href":"https:\/\/www.q-software-solutions.de\/blog\/wp-json\/wp\/v2\/media?parent=10507"}],"wp:term":[{"taxonomy":"category","embeddable":true,"href":"https:\/\/www.q-software-solutions.de\/blog\/wp-json\/wp\/v2\/categories?post=10507"},{"taxonomy":"post_tag","embeddable":true,"href":"https:\/\/www.q-software-solutions.de\/blog\/wp-json\/wp\/v2\/tags?post=10507"}],"curies":[{"name":"wp","href":"https:\/\/api.w.org\/{rel}","templated":true}]}}