{"id":10524,"date":"2022-01-18T07:19:29","date_gmt":"2022-01-18T06:19:29","guid":{"rendered":"https:\/\/www.q-software-solutions.de\/blog\/?p=10524"},"modified":"2022-01-18T07:19:29","modified_gmt":"2022-01-18T06:19:29","slug":"ach-ne","status":"publish","type":"post","link":"https:\/\/www.q-software-solutions.de\/blog\/2022\/01\/ach-ne\/","title":{"rendered":"Ach ne?"},"content":{"rendered":"<p>Ach ne? Wenn ich an die Reaktionen denke  wo ich nur<br \/>\nhinwies das an <> mit bedeutet. 1\/3, ist schon mal ein ernsthafter Unterschied<br \/>\nhttps:\/\/www.bild.de\/bild-plus\/politik\/inland\/politik-inland\/bild-umfrage-bei-den-gesundheitsministerien-zeigt-bis-zu-29-prozent-der-corona-t-78857894,view=conversionToLogin.bild.html<\/p>\n<p>Und rechnen wir mal nach:<br \/>\n8,1 Mio F\u00e4lle (also 10 % der Bev\u00f6lkerung nach 2 Jahren mit der &#8222;t\u00f6dlichsten Epidemie&#8220; und ca 116 000 Tote von Leuten mit Corona ziehen wir 30 % ab landen wir bei: 81 200<\/p>\n<p>Die Sterblichkeit geht dann runter auf rund 1 %<\/p>\n<p>Die W&#8217;keit in D jedes Jahr zu sterben bel\u00e4uft sich auf:<br \/>\n940 000 \/ 83000000 = 1,1%<\/p>\n<p>Ich habe von  Anfang an geschrieben diese Epidemie und die Aktionen dagegen haben nichts mit Gesundhheit zu tun:<\/p>\n<p>Belege kann man hier finden: https:\/\/www.q-software-solutions.de\/blog\/?s=Corona<\/p>\n<p>Komischerweise lag ich  offensichtlich vor 2 Jahren schon besser mit meiner Einsch\u00e4tzung als alle Experten die sich andauern in der \u00d6ffentlichkeit \u00e4u\u00dfern. Ganz schon schwaches Bild und was f\u00fcr ein Versagen der W\u00e4hler nicht mal die einfachsten Fragen zu  stellen und darauf Antworten zu verlangen.<\/p>\n<p>M\u00f6ge es diesen W\u00e4hlern hundeelend gehen!<\/p>\n","protected":false},"excerpt":{"rendered":"<p>Ach ne? Wenn ich an die Reaktionen denke wo ich nur hinwies das an mit bedeutet. 1\/3, ist schon mal ein ernsthafter Unterschied https:\/\/www.bild.de\/bild-plus\/politik\/inland\/politik-inland\/bild-umfrage-bei-den-gesundheitsministerien-zeigt-bis-zu-29-prozent-der-corona-t-78857894,view=conversionToLogin.bild.html Und rechnen wir mal nach: 8,1 Mio F\u00e4lle (also 10 % der Bev\u00f6lkerung nach 2 Jahren mit der &#8222;t\u00f6dlichsten Epidemie&#8220; und ca 116 000 Tote von Leuten mit Corona ziehen wir [&hellip;]<\/p>\n","protected":false},"author":1,"featured_media":0,"comment_status":"open","ping_status":"open","sticky":false,"template":"","format":"standard","meta":{"footnotes":""},"categories":[98,7878,1709,40,8002,7845,7777,963,7766,7750],"tags":[],"class_list":["post-10524","post","type-post","status-publish","format-standard","hentry","category-betrug","category-bildung","category-fud","category-luegen","category-rechnen","category-terror","category-unrecht","category-willkuer","category-zeitung","category-zitat"],"_links":{"self":[{"href":"https:\/\/www.q-software-solutions.de\/blog\/wp-json\/wp\/v2\/posts\/10524","targetHints":{"allow":["GET"]}}],"collection":[{"href":"https:\/\/www.q-software-solutions.de\/blog\/wp-json\/wp\/v2\/posts"}],"about":[{"href":"https:\/\/www.q-software-solutions.de\/blog\/wp-json\/wp\/v2\/types\/post"}],"author":[{"embeddable":true,"href":"https:\/\/www.q-software-solutions.de\/blog\/wp-json\/wp\/v2\/users\/1"}],"replies":[{"embeddable":true,"href":"https:\/\/www.q-software-solutions.de\/blog\/wp-json\/wp\/v2\/comments?post=10524"}],"version-history":[{"count":0,"href":"https:\/\/www.q-software-solutions.de\/blog\/wp-json\/wp\/v2\/posts\/10524\/revisions"}],"wp:attachment":[{"href":"https:\/\/www.q-software-solutions.de\/blog\/wp-json\/wp\/v2\/media?parent=10524"}],"wp:term":[{"taxonomy":"category","embeddable":true,"href":"https:\/\/www.q-software-solutions.de\/blog\/wp-json\/wp\/v2\/categories?post=10524"},{"taxonomy":"post_tag","embeddable":true,"href":"https:\/\/www.q-software-solutions.de\/blog\/wp-json\/wp\/v2\/tags?post=10524"}],"curies":[{"name":"wp","href":"https:\/\/api.w.org\/{rel}","templated":true}]}}