{"id":10565,"date":"2022-02-18T06:30:23","date_gmt":"2022-02-18T05:30:23","guid":{"rendered":"https:\/\/www.q-software-solutions.de\/blog\/?p=10565"},"modified":"2022-02-19T07:51:04","modified_gmt":"2022-02-19T06:51:04","slug":"traurig-aber-wohl-noetig-richittstellung","status":"publish","type":"post","link":"https:\/\/www.q-software-solutions.de\/blog\/2022\/02\/traurig-aber-wohl-noetig-richittstellung\/","title":{"rendered":"Traurig, aber wohl n\u00f6tig &#8211; Richtigstellung"},"content":{"rendered":"<p>Es ist erm\u00fcdend, das gestehe ich zu. Nur darf man es nie vergessen.<br \/>\nWenn irgendwo steht &#8222;wegen Corona&#8220; dann steht das zu ca 90 % eine L\u00fcge!<\/p>\n<p>Die einzige Zeit wann es keine L\u00fcge ist, ist wenn wegen einer Erkrankung irgendetwas ausf\u00e4llt. Also ein Konzertabsage mit: S\u00e4nger xy ist an Corona erkrankt und mu\u00df deshalb &#8230;<\/p>\n<p>Sonst ist es mit an Sicherheit grenzender Wahrscheinlichkeit eine L\u00fcge.<br \/>\nNicht Corona hat die Grenzen dicht gemacht, Gesch\u00e4fte geschlossen, Tests und Maskenpflicht nach sich gezogen. Das sind alles Ma\u00dfnahmen wegen Corona.<\/p>\n<p>Unsere Rechte wurden nicht durch Corona eingeschr\u00e4nkt sondern durch die uns\u00e4gliche Exekutive, das gilt f\u00fcr fast alle L\u00e4nder dieser Erde. Es ist eine Diktatur der Exekutive und es gibt da kaum Unterscheide zwischen sowieso schon totalit\u00e4ren System, wie z.B. China oder angeblich so &#8222;fortschrittlichen&#8220; Demokratien wie Kanada.<\/p>\n<p>Sobald es zur Einschr\u00e4nkung von Grundrechten der B\u00fcrger kommt ist es NIEMALS wegen etwas anderem als politischen Zwangshandlungen.<\/p>\n","protected":false},"excerpt":{"rendered":"<p>Es ist erm\u00fcdend, das gestehe ich zu. Nur darf man es nie vergessen. Wenn irgendwo steht &#8222;wegen Corona&#8220; dann steht das zu ca 90 % eine L\u00fcge! Die einzige Zeit wann es keine L\u00fcge ist, ist wenn wegen einer Erkrankung irgendetwas ausf\u00e4llt. Also ein Konzertabsage mit: S\u00e4nger xy ist an Corona erkrankt und mu\u00df deshalb [&hellip;]<\/p>\n","protected":false},"author":1,"featured_media":0,"comment_status":"open","ping_status":"open","sticky":false,"template":"","format":"standard","meta":{"footnotes":""},"categories":[7878,93,345,7879,40,7777,7795,963],"tags":[],"class_list":["post-10565","post","type-post","status-publish","format-standard","hentry","category-bildung","category-gewalt","category-gutmenschen","category-logik","category-luegen","category-unrecht","category-verbrechen","category-willkuer"],"_links":{"self":[{"href":"https:\/\/www.q-software-solutions.de\/blog\/wp-json\/wp\/v2\/posts\/10565","targetHints":{"allow":["GET"]}}],"collection":[{"href":"https:\/\/www.q-software-solutions.de\/blog\/wp-json\/wp\/v2\/posts"}],"about":[{"href":"https:\/\/www.q-software-solutions.de\/blog\/wp-json\/wp\/v2\/types\/post"}],"author":[{"embeddable":true,"href":"https:\/\/www.q-software-solutions.de\/blog\/wp-json\/wp\/v2\/users\/1"}],"replies":[{"embeddable":true,"href":"https:\/\/www.q-software-solutions.de\/blog\/wp-json\/wp\/v2\/comments?post=10565"}],"version-history":[{"count":0,"href":"https:\/\/www.q-software-solutions.de\/blog\/wp-json\/wp\/v2\/posts\/10565\/revisions"}],"wp:attachment":[{"href":"https:\/\/www.q-software-solutions.de\/blog\/wp-json\/wp\/v2\/media?parent=10565"}],"wp:term":[{"taxonomy":"category","embeddable":true,"href":"https:\/\/www.q-software-solutions.de\/blog\/wp-json\/wp\/v2\/categories?post=10565"},{"taxonomy":"post_tag","embeddable":true,"href":"https:\/\/www.q-software-solutions.de\/blog\/wp-json\/wp\/v2\/tags?post=10565"}],"curies":[{"name":"wp","href":"https:\/\/api.w.org\/{rel}","templated":true}]}}