{"id":1114,"date":"2011-02-14T16:32:00","date_gmt":"2011-02-14T16:32:00","guid":{"rendered":"http:\/\/www.q-software-solutions.de\/blog\/?p=1114"},"modified":"2014-07-02T07:14:33","modified_gmt":"2014-07-02T07:14:33","slug":"seit-mehr-als-jahr-und-tag","status":"publish","type":"post","link":"https:\/\/www.q-software-solutions.de\/blog\/2011\/02\/seit-mehr-als-jahr-und-tag\/","title":{"rendered":"Seit mehr als Jahr und Tag"},"content":{"rendered":"<p>Schreibe ich schon dagegen an.<br \/>http:\/\/www.wiwo.de\/blogs\/chefsache\/2011\/02\/12\/der-zweite-tod-der-d-mark\/<\/p>\n<p>Wie wahr und gar nicht regt sich in Deutschland. Die Verfassungsklage immer noch nicht verhandelt und das nennt sich dann &#8222;Rechtstaat&#8220;. Frage mich was f\u00fcr ein Recht es geben kann alle Deutschen mal wieder in&#8217;s Elend zu st\u00fcrzen. <\/p>\n<p>Merkel ist f\u00fcr mich v\u00f6llig inakzeptabel und Stolz kann ich nur noch f\u00fcr Teile Deutschlands empfinden die sich &#8222;dumm&#8220; aber &#8222;ehrlich&#8220; verhalten. Wirklich keiner verdient mehr Respekt als der\/diejenige die sich auf ehrliche Weise Ihren\/Seinen Lebensunterhalt verdient. Da sind zumindest schon mal alle Berufspolitiker au\u00dfen vor ;-(<\/p>\n","protected":false},"excerpt":{"rendered":"<p>Schreibe ich schon dagegen an.http:\/\/www.wiwo.de\/blogs\/chefsache\/2011\/02\/12\/der-zweite-tod-der-d-mark\/ Wie wahr und gar nicht regt sich in Deutschland. Die Verfassungsklage immer noch nicht verhandelt und das nennt sich dann &#8222;Rechtstaat&#8220;. Frage mich was f\u00fcr ein Recht es geben kann alle Deutschen mal wieder in&#8217;s Elend zu st\u00fcrzen. Merkel ist f\u00fcr mich v\u00f6llig inakzeptabel und Stolz kann ich nur noch [&hellip;]<\/p>\n","protected":false},"author":1,"featured_media":0,"comment_status":"open","ping_status":"open","sticky":false,"template":"","format":"standard","meta":{"footnotes":""},"categories":[555,19,16],"tags":[],"class_list":["post-1114","post","type-post","status-publish","format-standard","hentry","category-delebets","category-diebstahl","category-inflation"],"_links":{"self":[{"href":"https:\/\/www.q-software-solutions.de\/blog\/wp-json\/wp\/v2\/posts\/1114","targetHints":{"allow":["GET"]}}],"collection":[{"href":"https:\/\/www.q-software-solutions.de\/blog\/wp-json\/wp\/v2\/posts"}],"about":[{"href":"https:\/\/www.q-software-solutions.de\/blog\/wp-json\/wp\/v2\/types\/post"}],"author":[{"embeddable":true,"href":"https:\/\/www.q-software-solutions.de\/blog\/wp-json\/wp\/v2\/users\/1"}],"replies":[{"embeddable":true,"href":"https:\/\/www.q-software-solutions.de\/blog\/wp-json\/wp\/v2\/comments?post=1114"}],"version-history":[{"count":0,"href":"https:\/\/www.q-software-solutions.de\/blog\/wp-json\/wp\/v2\/posts\/1114\/revisions"}],"wp:attachment":[{"href":"https:\/\/www.q-software-solutions.de\/blog\/wp-json\/wp\/v2\/media?parent=1114"}],"wp:term":[{"taxonomy":"category","embeddable":true,"href":"https:\/\/www.q-software-solutions.de\/blog\/wp-json\/wp\/v2\/categories?post=1114"},{"taxonomy":"post_tag","embeddable":true,"href":"https:\/\/www.q-software-solutions.de\/blog\/wp-json\/wp\/v2\/tags?post=1114"}],"curies":[{"name":"wp","href":"https:\/\/api.w.org\/{rel}","templated":true}]}}