{"id":11174,"date":"2023-01-03T08:06:29","date_gmt":"2023-01-03T07:06:29","guid":{"rendered":"https:\/\/www.q-software-solutions.de\/blog\/?p=11174"},"modified":"2023-01-03T08:06:32","modified_gmt":"2023-01-03T07:06:32","slug":"rueckblick-ueber-ca-2-jahre","status":"publish","type":"post","link":"https:\/\/www.q-software-solutions.de\/blog\/2023\/01\/rueckblick-ueber-ca-2-jahre\/","title":{"rendered":"R\u00fcckblick \u00fcber ca 2 Jahre"},"content":{"rendered":"\n<p>In diesem Blog, wo Corona erw\u00e4hnt wurde:<br>https:\/\/www.q-software-solutions.de\/blog\/?s=corona<br><br>Es war nicht wenig. Und selbst heute in Nachhinein, kann ich kaum einen Fehler erkennen:<\/p>\n\n\n\n<ul class=\"wp-block-list\">\n<li>Meine Aussagen zur Sterblichkeit sind gar nicht mal schlecht gewesen<\/li>\n\n\n\n<li>Die Ma\u00dfnahmen haben die Grundlage f\u00fcr die derzeitigen Probleme gelegt<\/li>\n\n\n\n<li>Der Staat darf viel zu viel wurde beindruckend belegt<\/li>\n\n\n\n<li>Wir wurden und werden was die T\u00f6dlichkeit angeht,  permanent belogen <\/li>\n\n\n\n<li>Die gr\u00f6\u00dfte L\u00fcge (wegen Corona) hat Bestand<\/li>\n<\/ul>\n\n\n\n<p>Ich habe diesen Blog damals angefangen um festzuhalten, was ich von der Politik halte und ich finde, ich lag so oft besser als Berufspolitiker, da\u00df es wirklich peinlich f\u00fcr diese ist. Wie wenig Ahnung die von Wirtschaft, Zusammenarbeit und Produktion haben, ist fatal. Ich kann tats\u00e4chlich nicht einen Minister oder gar Kanzler nennen, der mich die letzten beiden Jahren positiv \u00fcberrascht h\u00e4tte. Im Grund unterboten die noch alle meine Bef\u00fcrchtungen &#8230;<br><br>Ich glaube, ich werde dieses Jahr wieder mehr hier schreiben. Leider kann ich es mir abschminken, da\u00df es etwas \u00e4ndert, aber zumindest werde ich immer beweisen k\u00f6nnen, da\u00df  jemand warnte&#8230;<\/p>\n","protected":false},"excerpt":{"rendered":"<p>In diesem Blog, wo Corona erw\u00e4hnt wurde:https:\/\/www.q-software-solutions.de\/blog\/?s=corona Es war nicht wenig. Und selbst heute in Nachhinein, kann ich kaum einen Fehler erkennen: Ich habe diesen Blog damals angefangen um festzuhalten, was ich von der Politik halte und ich finde, ich lag so oft besser als Berufspolitiker, da\u00df es wirklich peinlich f\u00fcr diese ist. Wie wenig [&hellip;]<\/p>\n","protected":false},"author":1,"featured_media":0,"comment_status":"open","ping_status":"open","sticky":false,"template":"","format":"standard","meta":{"footnotes":""},"categories":[8203],"tags":[8202,4591,5222,4640,7788],"class_list":["post-11174","post","type-post","status-publish","format-standard","hentry","category-intern","tag-enttaeuschend","tag-staat","tag-staatsterrorismus","tag-unrecht","tag-willkuer"],"_links":{"self":[{"href":"https:\/\/www.q-software-solutions.de\/blog\/wp-json\/wp\/v2\/posts\/11174","targetHints":{"allow":["GET"]}}],"collection":[{"href":"https:\/\/www.q-software-solutions.de\/blog\/wp-json\/wp\/v2\/posts"}],"about":[{"href":"https:\/\/www.q-software-solutions.de\/blog\/wp-json\/wp\/v2\/types\/post"}],"author":[{"embeddable":true,"href":"https:\/\/www.q-software-solutions.de\/blog\/wp-json\/wp\/v2\/users\/1"}],"replies":[{"embeddable":true,"href":"https:\/\/www.q-software-solutions.de\/blog\/wp-json\/wp\/v2\/comments?post=11174"}],"version-history":[{"count":0,"href":"https:\/\/www.q-software-solutions.de\/blog\/wp-json\/wp\/v2\/posts\/11174\/revisions"}],"wp:attachment":[{"href":"https:\/\/www.q-software-solutions.de\/blog\/wp-json\/wp\/v2\/media?parent=11174"}],"wp:term":[{"taxonomy":"category","embeddable":true,"href":"https:\/\/www.q-software-solutions.de\/blog\/wp-json\/wp\/v2\/categories?post=11174"},{"taxonomy":"post_tag","embeddable":true,"href":"https:\/\/www.q-software-solutions.de\/blog\/wp-json\/wp\/v2\/tags?post=11174"}],"curies":[{"name":"wp","href":"https:\/\/api.w.org\/{rel}","templated":true}]}}