{"id":11477,"date":"2023-03-04T17:54:48","date_gmt":"2023-03-04T16:54:48","guid":{"rendered":"https:\/\/www.q-software-solutions.de\/blog\/?p=11477"},"modified":"2023-03-04T17:54:50","modified_gmt":"2023-03-04T16:54:50","slug":"meine-politischen-fehler","status":"publish","type":"post","link":"https:\/\/www.q-software-solutions.de\/blog\/2023\/03\/meine-politischen-fehler\/","title":{"rendered":"Meine politischen Fehler"},"content":{"rendered":"\n<p>Schreibe ich heute mal \u00fcber meine pol. Fehler<\/p>\n\n\n\n<p>Ich wollte gerne behaupten, ich h\u00e4tte, was meine politische Meinung und Wahlverhalten angeht, keine Fehler gemacht \u2013 ist aber nicht so. Denke ich, ich kann diese Fehler in gewisser Weise entschuldigen? Ich denke, darauf kann meine Antwort ja sein.<\/p>\n\n\n\n<p>Betrachten wir mal, welchen Fehler ich nie machte: Ich habe mein ganzes Leben lang nicht SPD, Gr\u00fcne, Linke gew\u00e4hlt. Deren Ideen und Vorgehensweisen kamen mir immer falsch vor. Auch wenn ich bis vor ein paar Jahren nicht h\u00e4tte so begr\u00fcnden k\u00f6nnen, warum. Was bleibt also als mein m\u00f6gliches Wahlverhalten \u00fcbrig? Nun ja genau \u2013 CDU, FDP. Tja und genau einen Halbsatz vor diesem stehen meine Fehler.<\/p>\n\n\n\n<p>Es gibt auch einen Fehler, den ich in meinem Leben nicht gemacht hatte. Ich war nie f\u00fcr irgendwelche Subventionen. Einer der Punkte, wo ich andere Meinung als mein Vater war. Der fand Subventionen f\u00fcr Bauern w\u00e4ren angemessen, ich nicht.<\/p>\n\n\n\n<p>Aber egal, es geht um die Fehler. Von heute aus gesehen h\u00e4tte ich CDU, FDP niemals w\u00e4hlen d\u00fcrfen. Gibt es eine Entschuldigung? Ich denke ja. W\u00e4hrend meiner ganzen Zeit, wo ich in der Schule oder gar der Universit\u00e4t war, wurde ich nicht einmal mit den Urspr\u00fcngen und Auspr\u00e4gungen von wirklich liberalem Gedanken konfrontiert. NICHT EINMAL! Kein Wort von von Mises selbst im Studium \u00fcber VWL, nichts \u2013 absolut nichts. Es gibt tats\u00e4chlich im staatlichen Bildungssystem so gut wie kein Platz f\u00fcr \u201c\u00d6sterreicher\u201d.<\/p>\n\n\n\n<p>Kurz, ich wurde, was das angeht, schlicht im Dunklen gelassen und ja indoktriniert. Ich kann es leider nicht anders ausdr\u00fccken und zu meiner Schande kann ich dann nur festhalten. Propaganda hat auf mein Wahlverhalten gewirkt. Daf\u00fcr sch\u00e4me ich mich heute. Selbst Erhard war mir als Begriff bekannt, aber nicht, wof\u00fcr er wirklich stand. Er war eben kein sozialliberaler, sondern fast der einzige Politiker, der mir so einf\u00e4llt in sehr hohen Positionen, den man liberal nennen mu\u00df. Ein Einziger! Auch Lambsdorf, Genscher etc. waren nie ernsthaft liberal, sondern bedauerlicherweise nur neo-\/ordo-\/-sozialliberal. Kann man diese Entschuldigung so stehen lassen? Ich bin mir dar\u00fcber nicht sicher. Denn es war ja nicht unm\u00f6glich mehr \u00fcber von Mises zu erfahren, man mu\u00df aber klar feststellen. Heute etwas dar\u00fcber zu finden ist wirklich einfacher (man mu\u00df nur wissen, wonach man suchen mu\u00df!)<\/p>\n\n\n\n<p>Welchen anderen Fehler habe ich gemacht? Nun ich war Mitglied bei der FDP (vor 2009 eingetreten und in 2010 oder so war ich drau\u00dfen. Somit habe ich immerhin einmal f\u00fcr Frau Merkel gestimmt \u2013 auch ein Fehler. F\u00fcr deren Vorg\u00e4nger Kohl habe ich mehrfach gestimmt \u2013 auch das waren Fehler.<\/p>\n\n\n\n<p>Tja, meine Fehler sind also Unterst\u00fctzung f\u00fcr FDP und CDU gewesen. Ich kann aber sagen, seit fast 10 Jahren bin ich, was das angeht \u201cclean\u201d. Fakt ist: Jeder, der heute noch unser derzeitig im Bundestag vertretenen Parteien w\u00e4hlt, macht weiter etwas grundlegend falsch. Es gibt nur einen Weg aus der Misere, Sozialdemokratie zu Grabe tragen. Es wird auf Dauer niemals funktionieren und der Weg nach unten kann durch Sozialdemokraten nicht aufgehalten und\/oder umgekehrt werden. Ich kann jetzt jeden W\u00e4hler zu Recht kritisieren, seit ca. 2009 sagen, ich habe diese Leute nicht gew\u00e4hlt!<\/p>\n\n\n\n<p><\/p>\n","protected":false},"excerpt":{"rendered":"<p>Schreibe ich heute mal \u00fcber meine pol. Fehler Ich wollte gerne behaupten, ich h\u00e4tte, was meine politische Meinung und Wahlverhalten angeht, keine Fehler gemacht \u2013 ist aber nicht so. Denke ich, ich kann diese Fehler in gewisser Weise entschuldigen? Ich denke, darauf kann meine Antwort ja sein. Betrachten wir mal, welchen Fehler ich nie machte: [&hellip;]<\/p>\n","protected":false},"author":1,"featured_media":0,"comment_status":"open","ping_status":"open","sticky":false,"template":"","format":"standard","meta":{"footnotes":""},"categories":[20],"tags":[4683],"class_list":["post-11477","post","type-post","status-publish","format-standard","hentry","category-politik","tag-fehler"],"_links":{"self":[{"href":"https:\/\/www.q-software-solutions.de\/blog\/wp-json\/wp\/v2\/posts\/11477","targetHints":{"allow":["GET"]}}],"collection":[{"href":"https:\/\/www.q-software-solutions.de\/blog\/wp-json\/wp\/v2\/posts"}],"about":[{"href":"https:\/\/www.q-software-solutions.de\/blog\/wp-json\/wp\/v2\/types\/post"}],"author":[{"embeddable":true,"href":"https:\/\/www.q-software-solutions.de\/blog\/wp-json\/wp\/v2\/users\/1"}],"replies":[{"embeddable":true,"href":"https:\/\/www.q-software-solutions.de\/blog\/wp-json\/wp\/v2\/comments?post=11477"}],"version-history":[{"count":0,"href":"https:\/\/www.q-software-solutions.de\/blog\/wp-json\/wp\/v2\/posts\/11477\/revisions"}],"wp:attachment":[{"href":"https:\/\/www.q-software-solutions.de\/blog\/wp-json\/wp\/v2\/media?parent=11477"}],"wp:term":[{"taxonomy":"category","embeddable":true,"href":"https:\/\/www.q-software-solutions.de\/blog\/wp-json\/wp\/v2\/categories?post=11477"},{"taxonomy":"post_tag","embeddable":true,"href":"https:\/\/www.q-software-solutions.de\/blog\/wp-json\/wp\/v2\/tags?post=11477"}],"curies":[{"name":"wp","href":"https:\/\/api.w.org\/{rel}","templated":true}]}}