{"id":1204,"date":"2010-07-20T04:57:00","date_gmt":"2010-07-20T04:57:00","guid":{"rendered":"http:\/\/www.q-software-solutions.de\/blog\/?p=1204"},"modified":"2014-07-02T07:14:46","modified_gmt":"2014-07-02T07:14:46","slug":"diese-ironie-2","status":"publish","type":"post","link":"https:\/\/www.q-software-solutions.de\/blog\/2010\/07\/diese-ironie-2\/","title":{"rendered":"Diese Ironie"},"content":{"rendered":"<p>Unsere &#8222;Bildungsministerin&#8220; fordert &#8222;Ende der Experiments&#8220;, war aber federf\u00fchrend bei der Einf\u00fchrung des G8. Was bei Eltern, Lehrern und Sch\u00fclern weitaus weniger gut aufgenommen wurde als die Frage ob denn nun 4 oder 6 Jahre zusammen gelernt werden sollte.<\/p>\n<p>Das Ged\u00e4chtnis von Politikern ist wirklich erstaunlich kurzfristig orientiert. Nach dem Motto. &#8222;Was schert mich mein Gesabbere vom Vortag&#8230;&#8220;, oder sogar von vor 5 Minuten. <\/p>\n<p>Frage ist eigentlich warum man nicht einfach die Sch\u00fcler bis zum Ende der 8. Klasse zusammenl\u00e4sst und von da an schaut f\u00fcr wen es sich lohnen k\u00f6nnte weiterzumachen. Wer ein bisschen Ahnung von den Problemen der Hauptsch\u00fcler hat, wird alles versuchen, seinen Kindern zumindest mittlere Reife zu erm\u00f6glichen&#8230;. <\/p>\n<p>Aber unser ganzes System ist ja nur auf &#8222;akademische&#8220; Ehren ausgerichtet, statt da\u00df wir schauen, da\u00df die Menschen einfach in dem Bereich arbeiten in dem eben ihre besonderen F\u00e4higkeiten liegen. Und diese Akademiker werden auch am Besten vom Staat bezahlt, denn dann kann mit Sicherheit noch einiges mehr an Unproduktivit\u00e4t herausholen und selbverst\u00e4ndlich Nicht-Akademiker noch mehr nerven. <\/p>\n<p>Handwerkliches Geschick und \/oder k\u00fcnstlerisches Verm\u00f6gen wird ja im Groben und Ganzen &#8222;abgetan&#8220;. Und dann \u00e4rgern sich die ach so tollen Akademiker \u00fcber lausig ausgef\u00fchrte Handwerksarbeiten und nicht gehaltene Verabredungen oder Zusagen. Statt also hier mehr zu machen, lautet das Motto. Jeder mu\u00df Abitur machen und so wird diese &#8222;Zulassung zur Hochschule&#8220; immer weiter entwertet und die Unis machen dann Ihre Eingangstests. Wirklich eine &#8222;tolle&#8220; Verbesserung&#8230;.<\/p>\n","protected":false},"excerpt":{"rendered":"<p>Unsere &#8222;Bildungsministerin&#8220; fordert &#8222;Ende der Experiments&#8220;, war aber federf\u00fchrend bei der Einf\u00fchrung des G8. Was bei Eltern, Lehrern und Sch\u00fclern weitaus weniger gut aufgenommen wurde als die Frage ob denn nun 4 oder 6 Jahre zusammen gelernt werden sollte. Das Ged\u00e4chtnis von Politikern ist wirklich erstaunlich kurzfristig orientiert. Nach dem Motto. &#8222;Was schert mich mein [&hellip;]<\/p>\n","protected":false},"author":1,"featured_media":0,"comment_status":"open","ping_status":"open","sticky":false,"template":"","format":"standard","meta":{"footnotes":""},"categories":[3974],"tags":[],"class_list":["post-1204","post","type-post","status-publish","format-standard","hentry","category-allgemein"],"_links":{"self":[{"href":"https:\/\/www.q-software-solutions.de\/blog\/wp-json\/wp\/v2\/posts\/1204","targetHints":{"allow":["GET"]}}],"collection":[{"href":"https:\/\/www.q-software-solutions.de\/blog\/wp-json\/wp\/v2\/posts"}],"about":[{"href":"https:\/\/www.q-software-solutions.de\/blog\/wp-json\/wp\/v2\/types\/post"}],"author":[{"embeddable":true,"href":"https:\/\/www.q-software-solutions.de\/blog\/wp-json\/wp\/v2\/users\/1"}],"replies":[{"embeddable":true,"href":"https:\/\/www.q-software-solutions.de\/blog\/wp-json\/wp\/v2\/comments?post=1204"}],"version-history":[{"count":0,"href":"https:\/\/www.q-software-solutions.de\/blog\/wp-json\/wp\/v2\/posts\/1204\/revisions"}],"wp:attachment":[{"href":"https:\/\/www.q-software-solutions.de\/blog\/wp-json\/wp\/v2\/media?parent=1204"}],"wp:term":[{"taxonomy":"category","embeddable":true,"href":"https:\/\/www.q-software-solutions.de\/blog\/wp-json\/wp\/v2\/categories?post=1204"},{"taxonomy":"post_tag","embeddable":true,"href":"https:\/\/www.q-software-solutions.de\/blog\/wp-json\/wp\/v2\/tags?post=1204"}],"curies":[{"name":"wp","href":"https:\/\/api.w.org\/{rel}","templated":true}]}}