{"id":12237,"date":"2023-05-31T10:39:42","date_gmt":"2023-05-31T08:39:42","guid":{"rendered":"https:\/\/www.q-software-solutions.de\/blog\/?p=12237"},"modified":"2023-05-31T10:39:45","modified_gmt":"2023-05-31T08:39:45","slug":"mein-rat-steht","status":"publish","type":"post","link":"https:\/\/www.q-software-solutions.de\/blog\/2023\/05\/mein-rat-steht\/","title":{"rendered":"Mein Rat steht"},"content":{"rendered":"\n<p>Seit 2009 rate ich von der Wahl dieser Partei ab. Im Grunde sind sie sogar schlimmer als die Gr\u00fcnen, die machen ja kein Hehl daraus gegen Eigentum und Selbstbestimmung zu sein. Die FDP betont immer wieder genau das, um dann die W\u00e4hler so zu hintergehen. In der Hasshitparade f\u00fchrt f\u00fcr mich aber immer noch die Gr\u00fcnen, dann kommt die FDP und den dritten Platz teilen sich die SPD\/CDU. Die Linke ist so geschw\u00e4cht, da\u00df sie derzeit keine Gefahr mehr darstellt. Wir haben die Faschisten der Gr\u00fcnen, bei den Gr\u00fcnen aber auch den anderen Parteien, in der Presse, spezieller im \u00d6RR und kaum mehr eine liberale Zeitung\/Zeitschrift in D. Wir haben uns den kommenden Untergang selber zuzuschreiben, nur bl\u00f6d, da\u00df man als Kollateralschaden mit untergeht &#8230;.<\/p>\n\n\n\n<p>Nie wieder FDP! <\/p>\n\n\n\n<p><a href=\"https:\/\/www.bild.de\/politik\/inland\/politik-inland\/ampel-einig-fdp-knickt-beim-heizdaten-gesetz-ein-84124318.bild.html\">https:\/\/www.bild.de\/politik\/inland\/politik-inland\/ampel-einig-fdp-knickt-beim-heizdaten-gesetz-ein-84124318.bild.html<\/a><\/p>\n","protected":false},"excerpt":{"rendered":"<p>Seit 2009 rate ich von der Wahl dieser Partei ab. Im Grunde sind sie sogar schlimmer als die Gr\u00fcnen, die machen ja kein Hehl daraus gegen Eigentum und Selbstbestimmung zu sein. Die FDP betont immer wieder genau das, um dann die W\u00e4hler so zu hintergehen. In der Hasshitparade f\u00fchrt f\u00fcr mich aber immer noch die [&hellip;]<\/p>\n","protected":false},"author":1,"featured_media":0,"comment_status":"open","ping_status":"open","sticky":false,"template":"","format":"standard","meta":{"footnotes":""},"categories":[20],"tags":[4575,8073,8377,4673,7788],"class_list":["post-12237","post","type-post","status-publish","format-standard","hentry","category-politik","tag-fdp","tag-luegner-2","tag-unsaeglich","tag-verbrechen","tag-willkuer"],"_links":{"self":[{"href":"https:\/\/www.q-software-solutions.de\/blog\/wp-json\/wp\/v2\/posts\/12237","targetHints":{"allow":["GET"]}}],"collection":[{"href":"https:\/\/www.q-software-solutions.de\/blog\/wp-json\/wp\/v2\/posts"}],"about":[{"href":"https:\/\/www.q-software-solutions.de\/blog\/wp-json\/wp\/v2\/types\/post"}],"author":[{"embeddable":true,"href":"https:\/\/www.q-software-solutions.de\/blog\/wp-json\/wp\/v2\/users\/1"}],"replies":[{"embeddable":true,"href":"https:\/\/www.q-software-solutions.de\/blog\/wp-json\/wp\/v2\/comments?post=12237"}],"version-history":[{"count":0,"href":"https:\/\/www.q-software-solutions.de\/blog\/wp-json\/wp\/v2\/posts\/12237\/revisions"}],"wp:attachment":[{"href":"https:\/\/www.q-software-solutions.de\/blog\/wp-json\/wp\/v2\/media?parent=12237"}],"wp:term":[{"taxonomy":"category","embeddable":true,"href":"https:\/\/www.q-software-solutions.de\/blog\/wp-json\/wp\/v2\/categories?post=12237"},{"taxonomy":"post_tag","embeddable":true,"href":"https:\/\/www.q-software-solutions.de\/blog\/wp-json\/wp\/v2\/tags?post=12237"}],"curies":[{"name":"wp","href":"https:\/\/api.w.org\/{rel}","templated":true}]}}