{"id":12428,"date":"2023-07-27T06:51:01","date_gmt":"2023-07-27T04:51:01","guid":{"rendered":"https:\/\/www.q-software-solutions.de\/blog\/?p=12428"},"modified":"2023-07-27T06:57:53","modified_gmt":"2023-07-27T04:57:53","slug":"die-einschlaege-haeufen-sich","status":"publish","type":"post","link":"https:\/\/www.q-software-solutions.de\/blog\/2023\/07\/die-einschlaege-haeufen-sich\/","title":{"rendered":"Die Einschl\u00e4ge h\u00e4ufen sich"},"content":{"rendered":"\n<p>Es hat nichts mit Zynismus zu tun. Ich g\u00f6nne es VW und deren Leuten. Die Gr\u00fcnde kann man hier oder auf meinem Blog finden. Jeder Mist wurde mitgetragen und im vorauseilenden Gehorsam Werbung mit Absurdit\u00e4ten gemacht. Die Autohersteller waren immer mit an der Spitze, wenn es um &#8222;Preisanpassungen&#8220; geht und rein statistisch gesehen hat von den mehr als 500 000 Angestellten dort jeder 2 also \u00fcber 250 000 eine der Parteien aus der Ampel gew\u00e4hlt. F\u00fcr diese Leute empfinde ich kein Mitleid mehr.<br>Das wird nicht spurlos an uns vorbeigehen, die damit nichts am Hut haben, das ist das Einzige, was ich daran bedauere.<\/p>\n\n\n\n<figure class=\"wp-block-embed is-type-video is-provider-youtube wp-block-embed-youtube wp-embed-aspect-16-9 wp-has-aspect-ratio\"><div class=\"wp-block-embed__wrapper\">\n<iframe loading=\"lazy\" title=\"VW E-AUTO DEBAKEL - Das gef\u00e4hrdet die Zukunft von Volkswagen\" width=\"625\" height=\"352\" src=\"https:\/\/www.youtube.com\/embed\/33MsHXb0lzo?feature=oembed\" frameborder=\"0\" allow=\"accelerometer; autoplay; clipboard-write; encrypted-media; gyroscope; picture-in-picture; web-share\" referrerpolicy=\"strict-origin-when-cross-origin\" allowfullscreen><\/iframe>\n<\/div><\/figure>\n\n\n\n<p>Oder auch:<br><\/p>\n\n\n\n<figure class=\"wp-block-embed is-type-video is-provider-youtube wp-block-embed-youtube wp-embed-aspect-16-9 wp-has-aspect-ratio\"><div class=\"wp-block-embed__wrapper\">\n<iframe loading=\"lazy\" title=\"Mercedes Bericht: H\u00e4ndler haben die Nase voll!\" width=\"625\" height=\"352\" src=\"https:\/\/www.youtube.com\/embed\/4bCwEk0Rlkw?feature=oembed\" frameborder=\"0\" allow=\"accelerometer; autoplay; clipboard-write; encrypted-media; gyroscope; picture-in-picture; web-share\" referrerpolicy=\"strict-origin-when-cross-origin\" allowfullscreen><\/iframe>\n<\/div><\/figure>\n\n\n\n<p><\/p>\n\n\n\n<p>M\u00f6ge es diejenigen am h\u00e4rtesten treffen, die immer f\u00fcr mehr Staat w\u00e4hlten &#8230;<\/p>\n","protected":false},"excerpt":{"rendered":"<p>Es hat nichts mit Zynismus zu tun. Ich g\u00f6nne es VW und deren Leuten. Die Gr\u00fcnde kann man hier oder auf meinem Blog finden. Jeder Mist wurde mitgetragen und im vorauseilenden Gehorsam Werbung mit Absurdit\u00e4ten gemacht. Die Autohersteller waren immer mit an der Spitze, wenn es um &#8222;Preisanpassungen&#8220; geht und rein statistisch gesehen hat von [&hellip;]<\/p>\n","protected":false},"author":1,"featured_media":0,"comment_status":"open","ping_status":"open","sticky":false,"template":"","format":"standard","meta":{"footnotes":""},"categories":[20],"tags":[],"class_list":["post-12428","post","type-post","status-publish","format-standard","hentry","category-politik"],"_links":{"self":[{"href":"https:\/\/www.q-software-solutions.de\/blog\/wp-json\/wp\/v2\/posts\/12428","targetHints":{"allow":["GET"]}}],"collection":[{"href":"https:\/\/www.q-software-solutions.de\/blog\/wp-json\/wp\/v2\/posts"}],"about":[{"href":"https:\/\/www.q-software-solutions.de\/blog\/wp-json\/wp\/v2\/types\/post"}],"author":[{"embeddable":true,"href":"https:\/\/www.q-software-solutions.de\/blog\/wp-json\/wp\/v2\/users\/1"}],"replies":[{"embeddable":true,"href":"https:\/\/www.q-software-solutions.de\/blog\/wp-json\/wp\/v2\/comments?post=12428"}],"version-history":[{"count":0,"href":"https:\/\/www.q-software-solutions.de\/blog\/wp-json\/wp\/v2\/posts\/12428\/revisions"}],"wp:attachment":[{"href":"https:\/\/www.q-software-solutions.de\/blog\/wp-json\/wp\/v2\/media?parent=12428"}],"wp:term":[{"taxonomy":"category","embeddable":true,"href":"https:\/\/www.q-software-solutions.de\/blog\/wp-json\/wp\/v2\/categories?post=12428"},{"taxonomy":"post_tag","embeddable":true,"href":"https:\/\/www.q-software-solutions.de\/blog\/wp-json\/wp\/v2\/tags?post=12428"}],"curies":[{"name":"wp","href":"https:\/\/api.w.org\/{rel}","templated":true}]}}