{"id":12465,"date":"2023-08-01T10:29:31","date_gmt":"2023-08-01T08:29:31","guid":{"rendered":"https:\/\/www.q-software-solutions.de\/blog\/?p=12465"},"modified":"2023-08-01T10:29:33","modified_gmt":"2023-08-01T08:29:33","slug":"leider-muss-ich-dem-beipflichten","status":"publish","type":"post","link":"https:\/\/www.q-software-solutions.de\/blog\/2023\/08\/leider-muss-ich-dem-beipflichten\/","title":{"rendered":"Leider mu\u00df ich dem beipflichten"},"content":{"rendered":"\n<figure class=\"wp-block-embed is-type-wp-embed is-provider-tichys-einblick wp-block-embed-tichys-einblick\"><div class=\"wp-block-embed__wrapper\">\n<blockquote class=\"wp-embedded-content\" data-secret=\"MW6tArmMXt\"><a href=\"https:\/\/www.tichyseinblick.de\/daili-es-sentials\/bundesverfassungsgericht-peter-mueller-corona-eu-bundestagswahlen-ezb\/\">Bundesverfassungsgericht: Der Unbequeme<\/a><\/blockquote><iframe loading=\"lazy\" class=\"wp-embedded-content\" sandbox=\"allow-scripts\" security=\"restricted\" style=\"position: absolute; visibility: hidden;\" title=\"&#8222;Bundesverfassungsgericht: Der Unbequeme&#8220; &#8212; Tichys Einblick\" src=\"https:\/\/www.tichyseinblick.de\/daili-es-sentials\/bundesverfassungsgericht-peter-mueller-corona-eu-bundestagswahlen-ezb\/embed\/#?secret=97g3gzzlDm#?secret=MW6tArmMXt\" data-secret=\"MW6tArmMXt\" width=\"600\" height=\"338\" frameborder=\"0\" marginwidth=\"0\" marginheight=\"0\" scrolling=\"no\"><\/iframe>\n<\/div><\/figure>\n\n\n\n<p>Von dort: &#8222;Klimaurteil, Corona, Abendessen mit der Kanzlerin: Sch\u00fctzt das Bundesverfassungsgericht noch den B\u00fcrger vor der Regierung oder wurde es zur Rechtfertigungsmaschine der Exekutive degradiert und korrumpiert? F\u00fcr manche B\u00fcrger ist das Vertrauen in dieses zweitwichtigste Gericht in Deutschland ersch\u00fcttert. Das zweitwichtigste, weil man sich vor den Europ\u00e4ischen Gerichten im Buckeln \u00fcbt.&#8220;<\/p>\n","protected":false},"excerpt":{"rendered":"<p>Von dort: &#8222;Klimaurteil, Corona, Abendessen mit der Kanzlerin: Sch\u00fctzt das Bundesverfassungsgericht noch den B\u00fcrger vor der Regierung oder wurde es zur Rechtfertigungsmaschine der Exekutive degradiert und korrumpiert? F\u00fcr manche B\u00fcrger ist das Vertrauen in dieses zweitwichtigste Gericht in Deutschland ersch\u00fcttert. Das zweitwichtigste, weil man sich vor den Europ\u00e4ischen Gerichten im Buckeln \u00fcbt.&#8220;<\/p>\n","protected":false},"author":1,"featured_media":0,"comment_status":"open","ping_status":"open","sticky":false,"template":"","format":"standard","meta":{"footnotes":""},"categories":[20],"tags":[],"class_list":["post-12465","post","type-post","status-publish","format-standard","hentry","category-politik"],"_links":{"self":[{"href":"https:\/\/www.q-software-solutions.de\/blog\/wp-json\/wp\/v2\/posts\/12465","targetHints":{"allow":["GET"]}}],"collection":[{"href":"https:\/\/www.q-software-solutions.de\/blog\/wp-json\/wp\/v2\/posts"}],"about":[{"href":"https:\/\/www.q-software-solutions.de\/blog\/wp-json\/wp\/v2\/types\/post"}],"author":[{"embeddable":true,"href":"https:\/\/www.q-software-solutions.de\/blog\/wp-json\/wp\/v2\/users\/1"}],"replies":[{"embeddable":true,"href":"https:\/\/www.q-software-solutions.de\/blog\/wp-json\/wp\/v2\/comments?post=12465"}],"version-history":[{"count":0,"href":"https:\/\/www.q-software-solutions.de\/blog\/wp-json\/wp\/v2\/posts\/12465\/revisions"}],"wp:attachment":[{"href":"https:\/\/www.q-software-solutions.de\/blog\/wp-json\/wp\/v2\/media?parent=12465"}],"wp:term":[{"taxonomy":"category","embeddable":true,"href":"https:\/\/www.q-software-solutions.de\/blog\/wp-json\/wp\/v2\/categories?post=12465"},{"taxonomy":"post_tag","embeddable":true,"href":"https:\/\/www.q-software-solutions.de\/blog\/wp-json\/wp\/v2\/tags?post=12465"}],"curies":[{"name":"wp","href":"https:\/\/api.w.org\/{rel}","templated":true}]}}