{"id":12675,"date":"2023-10-11T07:16:02","date_gmt":"2023-10-11T05:16:02","guid":{"rendered":"https:\/\/www.q-software-solutions.de\/blog\/?p=12675"},"modified":"2023-10-11T07:16:03","modified_gmt":"2023-10-11T05:16:03","slug":"dazu-stehe-ich","status":"publish","type":"post","link":"https:\/\/www.q-software-solutions.de\/blog\/2023\/10\/dazu-stehe-ich\/","title":{"rendered":"Dazu stehe ich"},"content":{"rendered":"\n<p>Dass ich die meisten Politiker f\u00fcr eine f\u00fcrchterliche Wahl halte, habe ich sicher mehr als deutlich gemacht. Dass unser Bundespr\u00e4sident dazu geh\u00f6rt unterstreicht er mit so gut wie jedem \u00f6ffentlichen Auftritt.<\/p>\n\n\n\n<p>Halle sei eine Schande f\u00fcr Deutschland. Nun ja, wenn ein Syrer einen Tag vorher einen LKW klaut und damit andere anf\u00e4hrt und \u00fcberf\u00e4hrt, dann habe ich bisher nicht gelesen, da\u00df es eine Schande f\u00fcr Syrien ist: Wie auch? Denn diese Leute sind ja durch die Unt\u00e4tigkeit unser Politiker und Exekutive in unser Land gekommen.<\/p>\n\n\n\n<p>Aber selbst wenn es eine Schande f\u00fcr Deutschland w\u00e4re, wie sind wir denn zu dem Deutschland geworden, was wir sind? Es war nicht meine Idee die Deutschen massenhaft zu entwaffnen und zu entrechten, es war nicht meine Idee zu behaupten, der Staat sch\u00fctze einen schon. Es waren alles 100 % Politikerentscheidungen.<\/p>\n\n\n\n<p>Wenn der Attent\u00e4ter von Halle tot w\u00e4re, h\u00e4tte ich damit genauso wenig Probleme wie mit dem toten M\u00f6rder aus Kandel. Wenn den jemand statt zu fotografieren erschossen h\u00e4tte, w\u00e4re meine einzige Reaktion auch nur ein &#8222;gut so&#8220; gewesen.<\/p>\n\n\n\n<p>Herr Steinmeier geh\u00f6rt genau zu den Menschen, die die Deutschen wehrlos machten, generell unter Naziverdacht stellte und so weit links unterwegs sind, da\u00df man Unterschiede zu alten DDR Zeiten kaum mehr erkennen kann.<\/p>\n\n\n\n<p>Er und seinesgleichen spalten die Gesellschaft und bringen Teile der B\u00fcrgerschaft gegen sich selber auf. Sie nutzen jeden Tag Gewalt gegen B\u00fcrger und Sie legitimieren jedes Jahr hunderte neuer Gesetze, die zu 95 % mit Recht nichts mehr zu tun haben. Die Spalter sind nicht die meisten B\u00fcrger, sondern nur diejenigen die auf Kosten der produktiven B\u00fcrger alle Anderen entrechten und ja versklaven.<\/p>\n\n\n\n<p>Ich schreibe es gerne noch mal f\u00fcr die ganz Begriffsstutzigen (die es aber eh nicht lesen werden) . Herr Steinmeier ist nicht mein Bundespr\u00e4sident und Frau Merkel nicht meine Bundeskanzlerin und keiner der Minister w\u00e4re auch nur in die N\u00e4he Ihres Postens gekommen, wenn es &#8222;meine&#8220; w\u00e4ren.<\/p>\n\n\n\n<p>Es wird immer offensichtlicher, diese Politiker repr\u00e4sentieren nicht mehr &#8222;die Deutschen&#8220;. Sie distanzieren sich so weit es nur irgend geht und feiern sich als etwas ganz Besonderes.<\/p>\n\n\n\n<p>Und ja, sie sind es, das gestehe ich zu sie sind ganz besonders niedertr\u00e4chtig und weil sie an der Macht sind so gef\u00e4hrlich.<\/p>\n\n\n\n<p>Ich fordere jeden Lesenden hier auf, mich mit diesen Aussagen durch Fakten zu widerlegen. Wenn das nicht passiert, gehe ich davon aus, da\u00df ich wohl eher richtig oder einfach nur richtig liege.<\/p>\n","protected":false},"excerpt":{"rendered":"<p>Dass ich die meisten Politiker f\u00fcr eine f\u00fcrchterliche Wahl halte, habe ich sicher mehr als deutlich gemacht. Dass unser Bundespr\u00e4sident dazu geh\u00f6rt unterstreicht er mit so gut wie jedem \u00f6ffentlichen Auftritt. Halle sei eine Schande f\u00fcr Deutschland. Nun ja, wenn ein Syrer einen Tag vorher einen LKW klaut und damit andere anf\u00e4hrt und \u00fcberf\u00e4hrt, dann [&hellip;]<\/p>\n","protected":false},"author":1,"featured_media":0,"comment_status":"open","ping_status":"open","sticky":false,"template":"","format":"standard","meta":{"footnotes":""},"categories":[20],"tags":[7798,4904,4673],"class_list":["post-12675","post","type-post","status-publish","format-standard","hentry","category-politik","tag-luegen","tag-staatsterror","tag-verbrechen"],"_links":{"self":[{"href":"https:\/\/www.q-software-solutions.de\/blog\/wp-json\/wp\/v2\/posts\/12675","targetHints":{"allow":["GET"]}}],"collection":[{"href":"https:\/\/www.q-software-solutions.de\/blog\/wp-json\/wp\/v2\/posts"}],"about":[{"href":"https:\/\/www.q-software-solutions.de\/blog\/wp-json\/wp\/v2\/types\/post"}],"author":[{"embeddable":true,"href":"https:\/\/www.q-software-solutions.de\/blog\/wp-json\/wp\/v2\/users\/1"}],"replies":[{"embeddable":true,"href":"https:\/\/www.q-software-solutions.de\/blog\/wp-json\/wp\/v2\/comments?post=12675"}],"version-history":[{"count":0,"href":"https:\/\/www.q-software-solutions.de\/blog\/wp-json\/wp\/v2\/posts\/12675\/revisions"}],"wp:attachment":[{"href":"https:\/\/www.q-software-solutions.de\/blog\/wp-json\/wp\/v2\/media?parent=12675"}],"wp:term":[{"taxonomy":"category","embeddable":true,"href":"https:\/\/www.q-software-solutions.de\/blog\/wp-json\/wp\/v2\/categories?post=12675"},{"taxonomy":"post_tag","embeddable":true,"href":"https:\/\/www.q-software-solutions.de\/blog\/wp-json\/wp\/v2\/tags?post=12675"}],"curies":[{"name":"wp","href":"https:\/\/api.w.org\/{rel}","templated":true}]}}