{"id":12860,"date":"2023-11-26T09:36:29","date_gmt":"2023-11-26T08:36:29","guid":{"rendered":"https:\/\/www.q-software-solutions.de\/blog\/?p=12860"},"modified":"2023-11-26T09:36:32","modified_gmt":"2023-11-26T08:36:32","slug":"mir-faellt-kein-einziger-guter-grund-fuer-den-oerr-ein","status":"publish","type":"post","link":"https:\/\/www.q-software-solutions.de\/blog\/2023\/11\/mir-faellt-kein-einziger-guter-grund-fuer-den-oerr-ein\/","title":{"rendered":"Mir f\u00e4llt kein einziger guter Grund f\u00fcr den \u00d6RR ein"},"content":{"rendered":"\n<p>Aber jede Menge guter Gr\u00fcnde den zum Teufel zu schicken &#8211; wo er hingeh\u00f6rt.<br><\/p>\n\n\n\n<p>Unser \u00d6RR, voll aufseiten eines \u00fcbergriffigen Staates &#8230;<\/p>\n\n\n\n<p><a href=\"https:\/\/www.deutschlandfunk.de\/co2-bepreisung-steuer...\">https:\/\/www.deutschlandfunk.de\/co2-bepreisung-steuer&#8230;<\/a><\/p>\n\n\n\n<p>Recht? Egal! Eigentum? Nur unter unsere &#8222;Kontrolle&#8220;<\/p>\n\n\n\n<p>Auch wenn es nicht nett ist, ich w\u00fcnsche dem \u00d6RR, den meisten Journalisten und den W\u00e4hlern von CDU\/SPD\/FDP\/Gr\u00fcnen alles Schlechte! Ich hasse Leute, die mein und dein nicht unterscheiden k\u00f6nnen.<\/p>\n","protected":false},"excerpt":{"rendered":"<p>Aber jede Menge guter Gr\u00fcnde den zum Teufel zu schicken &#8211; wo er hingeh\u00f6rt. Unser \u00d6RR, voll aufseiten eines \u00fcbergriffigen Staates &#8230; https:\/\/www.deutschlandfunk.de\/co2-bepreisung-steuer&#8230; Recht? Egal! Eigentum? Nur unter unsere &#8222;Kontrolle&#8220; Auch wenn es nicht nett ist, ich w\u00fcnsche dem \u00d6RR, den meisten Journalisten und den W\u00e4hlern von CDU\/SPD\/FDP\/Gr\u00fcnen alles Schlechte! Ich hasse Leute, die mein [&hellip;]<\/p>\n","protected":false},"author":1,"featured_media":0,"comment_status":"open","ping_status":"open","sticky":false,"template":"","format":"standard","meta":{"footnotes":""},"categories":[20],"tags":[8156,7529],"class_list":["post-12860","post","type-post","status-publish","format-standard","hentry","category-politik","tag-oerr","tag-weg-damit"],"_links":{"self":[{"href":"https:\/\/www.q-software-solutions.de\/blog\/wp-json\/wp\/v2\/posts\/12860","targetHints":{"allow":["GET"]}}],"collection":[{"href":"https:\/\/www.q-software-solutions.de\/blog\/wp-json\/wp\/v2\/posts"}],"about":[{"href":"https:\/\/www.q-software-solutions.de\/blog\/wp-json\/wp\/v2\/types\/post"}],"author":[{"embeddable":true,"href":"https:\/\/www.q-software-solutions.de\/blog\/wp-json\/wp\/v2\/users\/1"}],"replies":[{"embeddable":true,"href":"https:\/\/www.q-software-solutions.de\/blog\/wp-json\/wp\/v2\/comments?post=12860"}],"version-history":[{"count":0,"href":"https:\/\/www.q-software-solutions.de\/blog\/wp-json\/wp\/v2\/posts\/12860\/revisions"}],"wp:attachment":[{"href":"https:\/\/www.q-software-solutions.de\/blog\/wp-json\/wp\/v2\/media?parent=12860"}],"wp:term":[{"taxonomy":"category","embeddable":true,"href":"https:\/\/www.q-software-solutions.de\/blog\/wp-json\/wp\/v2\/categories?post=12860"},{"taxonomy":"post_tag","embeddable":true,"href":"https:\/\/www.q-software-solutions.de\/blog\/wp-json\/wp\/v2\/tags?post=12860"}],"curies":[{"name":"wp","href":"https:\/\/api.w.org\/{rel}","templated":true}]}}