{"id":13311,"date":"2024-04-02T14:10:58","date_gmt":"2024-04-02T12:10:58","guid":{"rendered":"https:\/\/www.q-software-solutions.de\/blog\/?p=13311"},"modified":"2024-04-02T14:14:26","modified_gmt":"2024-04-02T12:14:26","slug":"ich-hatte-es-wahrscheinlich-schon-einmal-krieg-ist-eine-option","status":"publish","type":"post","link":"https:\/\/www.q-software-solutions.de\/blog\/2024\/04\/ich-hatte-es-wahrscheinlich-schon-einmal-krieg-ist-eine-option\/","title":{"rendered":"Ich hatte es wahrscheinlich schon einmal: Krieg ist eine Option"},"content":{"rendered":"\n<p>Und wird es bleiben, solange es Menschen auf dieser Erde gibt.  Es bedeutet nicht, da\u00df es eine der &#8222;besten&#8220; L\u00f6sungen oder auch nur eine Gute ist. Es ist ein Fakt. Fakten sollte man sich stellen und nicht vorgeben, als g\u00e4be es sie nicht. Da es ein Fakt ist, w\u00e4re es gut vorbereitet zu sein, man k\u00f6nnte damit anfangen, die Waffengesetze zu lockern, Wettbewerbe zuzulassen und nicht jeden Waffentr\u00e4ger als perverses Monster anzusehen. <br><br>Der uralte Spruch lautet: https:\/\/de.wikipedia.org\/wiki\/Si_vis_pacem_para_bellum<br>Ich zitiere von dort:<br>&#8222;<\/p>\n\n\n\n<blockquote class=\"wp-block-quote is-layout-flow wp-block-quote-is-layout-flow\">\n<p>\u201eDie vornehmste Grundlage eines gl\u00fcckseligen Lebens aber ist dies, dass man weder Unrecht tut noch von anderen Unrecht erleidet. Hiervon ist nun das Erstere nicht so gar schwer zu erreichen, wohl aber so viel Macht zu erwerben, dass man sich gegen jedes Unrecht zu sichern vermag, und es ist unm\u00f6glich auf eine andere Weise vollkommen zu derselben zu gelangen als dadurch, dass man selber vollkommen t\u00fcchtig dasteht. Und ebenso ergeht es auch einem Staate, ist er t\u00fcchtig, so wird ihm ein friedliches Leben zuteil, ist er es nicht, so bedr\u00e4ngt ihn Fehde von innen und au\u00dfen.<br>[\u2026]<br>Steht es aber so damit, so muss sich jeder nicht erst im Kriege, sondern schon in Friedenszeiten auf den Krieg ein\u00fcben, und darum muss eine verst\u00e4ndige B\u00fcrgerschaft in jedem Monat nicht weniger als einen Tag Kriegsdienste tun, wohl aber noch mehrere, wenn es den Beh\u00f6rden n\u00f6tig erscheint, und dabei weder Frost noch Hitze scheuen.\u201c<\/p>\n<\/blockquote>\n\n\n\n<p>\u2013&nbsp;Platon:&nbsp;<a href=\"https:\/\/de.wikipedia.org\/wiki\/Nomoi\">Nomoi<\/a>&nbsp;VIII, 829 St.2 A<\/p>\n\n\n\n<p><sup><a href=\"https:\/\/de.wikipedia.org\/wiki\/Si_vis_pacem_para_bellum#cite_note-3\">[3]<\/a><\/sup>&#8222;<\/p>\n\n\n\n<p><br><br>Es wurde den Deutschen von allen Diktatoren auf dt. Boden ausgetrieben, es sollte ge\u00e4ndert werden. Es ist einer Demokratie vollst\u00e4ndig unw\u00fcrdig, die eigenen B\u00fcrger zu entwaffnen und im Endeffekt stellt es ein Verbrechen dar. <br><\/p>\n\n\n\n<p>Angebracht w\u00e4re, sich selbst in Schulen mit Waffen und Selbstverteidigung  auseinanderzusetzen und ja, ich pers\u00f6nlich denke, daf\u00fcr k\u00f6nnte alles mit Religion und Ethik im Namen aus dem Stundenplan gestrichen werden. <br><br>Die reine Erziehung zur Gewaltfreiheit macht alle Menschen hier zu zuk\u00fcnftigen oder aktuellen Opfern. Das hat nichts mit Recht zu tun!<\/p>\n","protected":false},"excerpt":{"rendered":"<p>Und wird es bleiben, solange es Menschen auf dieser Erde gibt. Es bedeutet nicht, da\u00df es eine der &#8222;besten&#8220; L\u00f6sungen oder auch nur eine Gute ist. Es ist ein Fakt. Fakten sollte man sich stellen und nicht vorgeben, als g\u00e4be es sie nicht. Da es ein Fakt ist, w\u00e4re es gut vorbereitet zu sein, man [&hellip;]<\/p>\n","protected":false},"author":1,"featured_media":0,"comment_status":"open","ping_status":"open","sticky":false,"template":"","format":"standard","meta":{"footnotes":""},"categories":[20],"tags":[4582,4565,4282,8557],"class_list":["post-13311","post","type-post","status-publish","format-standard","hentry","category-politik","tag-frieden","tag-krieg","tag-verteidigung","tag-vorbereitung"],"_links":{"self":[{"href":"https:\/\/www.q-software-solutions.de\/blog\/wp-json\/wp\/v2\/posts\/13311","targetHints":{"allow":["GET"]}}],"collection":[{"href":"https:\/\/www.q-software-solutions.de\/blog\/wp-json\/wp\/v2\/posts"}],"about":[{"href":"https:\/\/www.q-software-solutions.de\/blog\/wp-json\/wp\/v2\/types\/post"}],"author":[{"embeddable":true,"href":"https:\/\/www.q-software-solutions.de\/blog\/wp-json\/wp\/v2\/users\/1"}],"replies":[{"embeddable":true,"href":"https:\/\/www.q-software-solutions.de\/blog\/wp-json\/wp\/v2\/comments?post=13311"}],"version-history":[{"count":0,"href":"https:\/\/www.q-software-solutions.de\/blog\/wp-json\/wp\/v2\/posts\/13311\/revisions"}],"wp:attachment":[{"href":"https:\/\/www.q-software-solutions.de\/blog\/wp-json\/wp\/v2\/media?parent=13311"}],"wp:term":[{"taxonomy":"category","embeddable":true,"href":"https:\/\/www.q-software-solutions.de\/blog\/wp-json\/wp\/v2\/categories?post=13311"},{"taxonomy":"post_tag","embeddable":true,"href":"https:\/\/www.q-software-solutions.de\/blog\/wp-json\/wp\/v2\/tags?post=13311"}],"curies":[{"name":"wp","href":"https:\/\/api.w.org\/{rel}","templated":true}]}}