{"id":13446,"date":"2024-05-15T17:36:04","date_gmt":"2024-05-15T15:36:04","guid":{"rendered":"https:\/\/www.q-software-solutions.de\/blog\/?p=13446"},"modified":"2024-05-18T08:24:25","modified_gmt":"2024-05-18T06:24:25","slug":"ich-glaube-nicht","status":"publish","type":"post","link":"https:\/\/www.q-software-solutions.de\/blog\/2024\/05\/ich-glaube-nicht\/","title":{"rendered":"Ich glaube nicht,"},"content":{"rendered":"\n<p>da\u00df Herr H\u00f6cke bl\u00f6d ist. Und ich wette 100:1, da\u00df er recht bewu\u00dft mit seinen Worten spielt. Er spricht auch die an, die meinen, er sei ein klassischer Nationalsozialist, das ist er aber nicht, er meidet den nackten Rassismus gegen wen auch immer. Sein Feind sind Globalisten und der Markt, sowie Entscheidungen des Einzelnen, die er nicht guthei\u00dft, das kann man klar seinem Buch entnehmen:<br><a href=\"https:\/\/www.q-software-solutions.de\/blog\/?s=Herr+H%C3%B6cke\">https:\/\/www.q-software-solutions.de\/blog\/?s=Herr+H%C3%B6cke<\/a><br><br>Er ist nicht ganz so bl\u00f6d und primitiv, aber auf jeden Fall ein Populist. Er ist einer der Gr\u00fcnde, warum ich die AfD nicht einfach empfehlen kann. Wenn ein Antiliberaler in einer Partei so einen Zuspruch hat, kann es nicht meine Partei sein. <\/p>\n\n\n\n<p>Erg\u00e4nzung am 18.05.2024: <a href=\"https:\/\/www.ruhrnachrichten.de\/dortmund\/cathy-hummels-postet-nazi-parole-bei-instagram-afd-mann-hoecke-will-sie-dafuer-anzeigen-w882408-2001213102\/\">https:\/\/www.ruhrnachrichten.de\/dortmund\/cathy-hummels-postet-nazi-parole-bei-instagram-afd-mann-hoecke-will-sie-dafuer-anzeigen-w882408-2001213102\/<\/a><br><br>So werde ich im Juni klar nicht AfD w\u00e4hlen (sondern in der EU f\u00fcr die PDV stimmen) und bei den Gemeinde- und Landesr\u00e4te, werde ich alle Parteien der Ampel und auch die AfD meiden. Was ich gl\u00fccklicherweise kann. <br><br>Insgesamt ist die AfD nichts als eine weiter sozialdemokratische Partei und im Programm vergleichbar mit vielleicht der CDU anno 197x- 198x. Auch bei denen hat ja die Politik immer das Sagen zu haben, und hier pa\u00dft auch ein Herr H\u00f6cke nahtlos herein.<\/p>\n\n\n\n<p>Das Urteil gegen Herr H\u00f6cke zeigt klar politische Willk\u00fcr, da der beanstandete Spruch klar schon von der CDU vor ein paar Jahren benutzt wurde.  Warum es heute zu einem Urteil dagegen kommt, wie armselig unsere Gewaltenteilung inzwischen ist. Man kann dem Staat im Fall Staat gegen den Einzelnen nicht mehr trauen. Und das hat sich ganz klar in den letzten 20 &#8211; 30 Jahren massiv verschlechtert. <br><br>Wenn nicht solche Leute wie Herr H\u00f6cke und klar andere nationale Sozialisten der alten Pr\u00e4gung und neuen Pr\u00e4gung in der AfD w\u00e4re, verdiente sie schon eher den Namen Alternative. Es gibt tats\u00e4chlich auch relativ freiheitsbewu\u00dfte Leute in der AfD, aber ich habe den Eindruck, es ist die Minderheit. <br><br><br><br><\/p>\n","protected":false},"excerpt":{"rendered":"<p>da\u00df Herr H\u00f6cke bl\u00f6d ist. Und ich wette 100:1, da\u00df er recht bewu\u00dft mit seinen Worten spielt. Er spricht auch die an, die meinen, er sei ein klassischer Nationalsozialist, das ist er aber nicht, er meidet den nackten Rassismus gegen wen auch immer. Sein Feind sind Globalisten und der Markt, sowie Entscheidungen des Einzelnen, die [&hellip;]<\/p>\n","protected":false},"author":1,"featured_media":0,"comment_status":"open","ping_status":"open","sticky":false,"template":"","format":"standard","meta":{"footnotes":""},"categories":[20],"tags":[4804,5580,8583,7964,8582],"class_list":["post-13446","post","type-post","status-publish","format-standard","hentry","category-politik","tag-afd","tag-antikapialistisch","tag-cdu-alt","tag-hoecke","tag-nationalist"],"_links":{"self":[{"href":"https:\/\/www.q-software-solutions.de\/blog\/wp-json\/wp\/v2\/posts\/13446","targetHints":{"allow":["GET"]}}],"collection":[{"href":"https:\/\/www.q-software-solutions.de\/blog\/wp-json\/wp\/v2\/posts"}],"about":[{"href":"https:\/\/www.q-software-solutions.de\/blog\/wp-json\/wp\/v2\/types\/post"}],"author":[{"embeddable":true,"href":"https:\/\/www.q-software-solutions.de\/blog\/wp-json\/wp\/v2\/users\/1"}],"replies":[{"embeddable":true,"href":"https:\/\/www.q-software-solutions.de\/blog\/wp-json\/wp\/v2\/comments?post=13446"}],"version-history":[{"count":0,"href":"https:\/\/www.q-software-solutions.de\/blog\/wp-json\/wp\/v2\/posts\/13446\/revisions"}],"wp:attachment":[{"href":"https:\/\/www.q-software-solutions.de\/blog\/wp-json\/wp\/v2\/media?parent=13446"}],"wp:term":[{"taxonomy":"category","embeddable":true,"href":"https:\/\/www.q-software-solutions.de\/blog\/wp-json\/wp\/v2\/categories?post=13446"},{"taxonomy":"post_tag","embeddable":true,"href":"https:\/\/www.q-software-solutions.de\/blog\/wp-json\/wp\/v2\/tags?post=13446"}],"curies":[{"name":"wp","href":"https:\/\/api.w.org\/{rel}","templated":true}]}}