{"id":13544,"date":"2024-06-10T10:02:51","date_gmt":"2024-06-10T08:02:51","guid":{"rendered":"https:\/\/www.q-software-solutions.de\/blog\/?p=13544"},"modified":"2024-06-10T10:06:19","modified_gmt":"2024-06-10T08:06:19","slug":"kleiner-rueckblick","status":"publish","type":"post","link":"https:\/\/www.q-software-solutions.de\/blog\/2024\/06\/kleiner-rueckblick\/","title":{"rendered":"Kleiner R\u00fcckblick"},"content":{"rendered":"\n<p>\u00fcber nun fast 16 Jahre dieses Blogs. Ich suche mal nur die Fehler raus, die ich so machte<br>1) Meine Einstellung zu Atomkraft, ich war und bin kein Fan, es ist aber so falsch und wir t\u00e4ten gut daran, auch diese M\u00f6glichkeiten zu verbessern<br>2) Meine Mitgliedschaft bei der FDP. Meine &#8222;Entschuldigung&#8220;, ich konnte nicht ahnen, da\u00df die FDP alles Liberale in die Tonne treten w\u00fcrde<br>3) Ach ja meine Idee \u00fcber Demokratie, ich bin weitaus skeptischer geworden, was diese Regierungsform angeht. Das Wahlergebnis gestern hat es leider nur best\u00e4tigt.<br><br>Mehr f\u00e4llt mir im Augenblick nicht direkt ein. Wenn ich mehr finde, werde ich es auch noch festhalten. Man kann durchaus sagen, ich bin mir in den 16 Jahren treu geblieben. Liberaler anno 2008, Liberaler heute 2024.<br><br>Meine Warnungen vor einem zu gro\u00dfen Staat sind alle wahr geworden und Freiheit gibt es in D so gut wie nicht mehr. Das ist eine Katastrophe. Wenn jemand Lust hat, kann er ja mal kommentieren, wo ich falsch lag und wo richtig.<br><br>Spezieller richtig lag ich mit meinen Warnungen vor CDU, SPD, FDP (nach 2009), Gr\u00fcnen  und mit dem Marsch in den Sozialismus. Es war am Anfang schleichend und hat sich immer mehr beschleunigt, die schlimmsten Jahre waren 2020 &#8211; 2022. <\/p>\n","protected":false},"excerpt":{"rendered":"<p>\u00fcber nun fast 16 Jahre dieses Blogs. Ich suche mal nur die Fehler raus, die ich so machte1) Meine Einstellung zu Atomkraft, ich war und bin kein Fan, es ist aber so falsch und wir t\u00e4ten gut daran, auch diese M\u00f6glichkeiten zu verbessern2) Meine Mitgliedschaft bei der FDP. Meine &#8222;Entschuldigung&#8220;, ich konnte nicht ahnen, da\u00df [&hellip;]<\/p>\n","protected":false},"author":1,"featured_media":0,"comment_status":"open","ping_status":"open","sticky":false,"template":"","format":"standard","meta":{"footnotes":""},"categories":[20],"tags":[5665,7598,4683,8189,4585,4640,5202,7788],"class_list":["post-13544","post","type-post","status-publish","format-standard","hentry","category-politik","tag-atomkraft","tag-dieser-blog","tag-fehler","tag-gruene","tag-recht","tag-unrecht","tag-warnungen","tag-willkuer"],"_links":{"self":[{"href":"https:\/\/www.q-software-solutions.de\/blog\/wp-json\/wp\/v2\/posts\/13544","targetHints":{"allow":["GET"]}}],"collection":[{"href":"https:\/\/www.q-software-solutions.de\/blog\/wp-json\/wp\/v2\/posts"}],"about":[{"href":"https:\/\/www.q-software-solutions.de\/blog\/wp-json\/wp\/v2\/types\/post"}],"author":[{"embeddable":true,"href":"https:\/\/www.q-software-solutions.de\/blog\/wp-json\/wp\/v2\/users\/1"}],"replies":[{"embeddable":true,"href":"https:\/\/www.q-software-solutions.de\/blog\/wp-json\/wp\/v2\/comments?post=13544"}],"version-history":[{"count":0,"href":"https:\/\/www.q-software-solutions.de\/blog\/wp-json\/wp\/v2\/posts\/13544\/revisions"}],"wp:attachment":[{"href":"https:\/\/www.q-software-solutions.de\/blog\/wp-json\/wp\/v2\/media?parent=13544"}],"wp:term":[{"taxonomy":"category","embeddable":true,"href":"https:\/\/www.q-software-solutions.de\/blog\/wp-json\/wp\/v2\/categories?post=13544"},{"taxonomy":"post_tag","embeddable":true,"href":"https:\/\/www.q-software-solutions.de\/blog\/wp-json\/wp\/v2\/tags?post=13544"}],"curies":[{"name":"wp","href":"https:\/\/api.w.org\/{rel}","templated":true}]}}