{"id":14268,"date":"2024-08-21T06:48:53","date_gmt":"2024-08-21T04:48:53","guid":{"rendered":"https:\/\/www.q-software-solutions.de\/blog\/?p=14268"},"modified":"2024-08-21T06:48:54","modified_gmt":"2024-08-21T04:48:54","slug":"5-jahre-alt","status":"publish","type":"post","link":"https:\/\/www.q-software-solutions.de\/blog\/2024\/08\/5-jahre-alt\/","title":{"rendered":"5 Jahre alt"},"content":{"rendered":"\n<p>Von mir auf FB verfasst:<br>Im Kommentar: Herr Resch tut den Autobauern einen Gefallen (wegen SUV Kritik), der Bericht \u00fcber Italien f\u00e4ngt wie an? Mit rechtspopulistisch und es war noch was, was ich leider vergessen haben.<\/p>\n\n\n\n<p>Fr\u00fcher hie\u00df es Lebensraum im Osten, heute einfach nur Lebensraum \u00fcberall und den zu sch\u00fctzen \/ zu erhalten sind alle Mittel recht. Es zeigt sich mal wieder, was Kollektivismus f\u00fcr eine unglaubliche Macht in D hat. Menschen ermorden, weil es Juden waren &#8211; Gebongt! Menschen kriminalisieren, weil es gerade die S\u00fcndenb\u00f6cke sind. Freiheit durch Zwang als neue Freiheit und Lebensvorbild bezeichnen. Ich bin mit den BNN komplett durch. Und ich nenne Sie die neuen Faschisten und wenn ich es konkretisieren will \u00d6kofaschisten. So wie es bei den Faschisten F\u00fchrer gab und nach diesen geschrien wurde, ist es so auch mir den neuen Faschisten oder \u00d6kofaschisten:<\/p>\n\n\n\n<p>Man soll mit solchen Begriffen durchaus vorsichtig umgehen, nur sehe ich wirklich nicht, wie sich diese Wortwahl und \u00dcbergriffigkeit anders beschreiben l\u00e4sst. Was ist der Unterschied zwischen Kauft nicht bei Juden (oder in der neuen Variante), kauft nicht von Israel) , kauft keine SUV und kauft nicht bei dt. Herstellen anders? Wie damals ist es eine verh\u00e4ltnism\u00e4\u00dfig kleine Gruppe, die das alles beherrscht, da sind unsere Politiker und eine Presse, die man nicht mal mehr mit Gesetzen gleichschalten mu\u00df. Ich kann Ihnen auch ein paar kleine Ausnahmen nennen: &#8222;Smart Investor&#8220; und ef, das Erstere geht ganz klar mehr in Richtung Individuum und individuelle Freiheit.<\/p>\n\n\n\n<p>Von allen Parteien stellt sich nur die PDV dem entgegen. Gut, es soll noch die Libert\u00e4ren oder so geben. Aber im Grund sind es politisch in D gerade mal nur die paar Hanseln die die PDV unterst\u00fctzen. Wenn man sich \u00fcberlegt, da\u00df es mal die SPD gewesen ist, kann es einen nur sch\u00fctteln&#8230;<\/p>\n\n\n\n<p>Und diejenigen, die schrieben, Orwells 1984 dient als Vorlage statt als Warnung, haben recht. Der gro\u00dfe Bruder ist der Staat und dessen Organe, die sich in jedes Leben einmischen und Sie werden es auch diesmal f\u00fcr sehr viele ruinieren, bevor Sie (erst) mal einen auf die Finger bekommen<\/p>\n\n\n\n<p>Ich kann wirklich nur jeden auffordern, sich gr\u00fcndlich mit dem Aufbau von Diktaturen zu besch\u00e4ftigen und wie es dazu kommt und ich kann nicht laut und oft genug vor diesen Politikern und Parteien warnen.<\/p>\n\n\n\n<p>Es ist schon erstaunlich, wie sich auch in der Presse \u00fcber die Propaganda von damals mokiert wird, aber genau dieselben Mittel werden heute von den Journalisten verwandt und das finden die &#8222;normal&#8220; &#8211; das kann ich nicht mehr &#8222;normal&#8220; nennen und m.E. sollte es jeder mit einem funktionierenden Restverstand und ja auch nur einem Rest von Gerechtigkeitssinn so empfinden. Wer sich nicht gegen diese Verbrecher stellt, ist selber auch ein Verbrecher und KEIN BEFEHLSEMPF\u00c4NGER !<\/p>\n","protected":false},"excerpt":{"rendered":"<p>Von mir auf FB verfasst:Im Kommentar: Herr Resch tut den Autobauern einen Gefallen (wegen SUV Kritik), der Bericht \u00fcber Italien f\u00e4ngt wie an? Mit rechtspopulistisch und es war noch was, was ich leider vergessen haben. Fr\u00fcher hie\u00df es Lebensraum im Osten, heute einfach nur Lebensraum \u00fcberall und den zu sch\u00fctzen \/ zu erhalten sind alle [&hellip;]<\/p>\n","protected":false},"author":1,"featured_media":0,"comment_status":"open","ping_status":"open","sticky":false,"template":"","format":"standard","meta":{"footnotes":""},"categories":[8001],"tags":[4628,8687,4630,8688],"class_list":["post-14268","post","type-post","status-publish","format-standard","hentry","category-meinung","tag-faschismus","tag-gruen-2","tag-presse","tag-sozialistisch"],"_links":{"self":[{"href":"https:\/\/www.q-software-solutions.de\/blog\/wp-json\/wp\/v2\/posts\/14268","targetHints":{"allow":["GET"]}}],"collection":[{"href":"https:\/\/www.q-software-solutions.de\/blog\/wp-json\/wp\/v2\/posts"}],"about":[{"href":"https:\/\/www.q-software-solutions.de\/blog\/wp-json\/wp\/v2\/types\/post"}],"author":[{"embeddable":true,"href":"https:\/\/www.q-software-solutions.de\/blog\/wp-json\/wp\/v2\/users\/1"}],"replies":[{"embeddable":true,"href":"https:\/\/www.q-software-solutions.de\/blog\/wp-json\/wp\/v2\/comments?post=14268"}],"version-history":[{"count":0,"href":"https:\/\/www.q-software-solutions.de\/blog\/wp-json\/wp\/v2\/posts\/14268\/revisions"}],"wp:attachment":[{"href":"https:\/\/www.q-software-solutions.de\/blog\/wp-json\/wp\/v2\/media?parent=14268"}],"wp:term":[{"taxonomy":"category","embeddable":true,"href":"https:\/\/www.q-software-solutions.de\/blog\/wp-json\/wp\/v2\/categories?post=14268"},{"taxonomy":"post_tag","embeddable":true,"href":"https:\/\/www.q-software-solutions.de\/blog\/wp-json\/wp\/v2\/tags?post=14268"}],"curies":[{"name":"wp","href":"https:\/\/api.w.org\/{rel}","templated":true}]}}