{"id":15675,"date":"2024-11-22T07:26:15","date_gmt":"2024-11-22T06:26:15","guid":{"rendered":"https:\/\/www.q-software-solutions.de\/blog\/?p=15675"},"modified":"2024-11-22T07:26:18","modified_gmt":"2024-11-22T06:26:18","slug":"die-einseitigkeit-unsere-presse","status":"publish","type":"post","link":"https:\/\/www.q-software-solutions.de\/blog\/2024\/11\/die-einseitigkeit-unsere-presse\/","title":{"rendered":"Die Einseitigkeit unsere Presse"},"content":{"rendered":"\n<p>ist atemberaubend. Es wird die Wahl der Minister von Trump kritisiert. Mermale a) keine Trans b) viele M\u00e4nner und b ) gibt das Stichwort, erst mal &#8222;nat\u00fcrlich&#8220; sexuelle Bel\u00e4stigung, das uns die Trans mit Ihren kranken Ideen von Sex zusch\u00fctten &#8211; Schwamm dr\u00fcber, kommt in unsere Presse nicht vor. Auch die sexuellen Verfehlungen von diesen auch vor Gericht best\u00e4tigt, kommen nicht vor. Aber das ist nicht alles.<\/p>\n\n\n\n<p>Der n\u00e4chste Punkt ist die Ausbildung der Minister. In den USA nur ein Thema wenn es um Trump geht, was f\u00fcr eine Rolle hat es beim letzten Kabinett unter Biden gespielt? Was spielt es f\u00fcr eine Rolle in D?  V\u00f6llig \u00fcperproportional viele Juristen und Soziologen, kaum ein Unternehmer, und als Minister f\u00fcr Wirtschaft ein Kinderbuchautor, und unser Baerbock? <a href=\"https:\/\/www.tagesschau.de\/faktenfinder\/baerbock-lebenslauf-101.html\">https:\/\/www.tagesschau.de\/faktenfinder\/baerbock-lebenslauf-101.html<\/a> Betr\u00fcger, Plagiatoren und f\u00fchrend bei absolut Ungebildeten die Gr\u00fcnen. Thema in dt. Zeitungen? Nat\u00fcrlich nicht.<br><br>Weiter geht es mit Abtreibungen. Es sei ein Flickenteppichn in den USA und es soll restriktiver werden. Ich bin gegen so gut wie jede Abtreibung (Ausnahme Vergewaltigung und Lebensgefahr f\u00fcr die Frau, hier kann aber auch nur einmalig gelten, wenn man wei\u00df, da\u00df man eine Schwangerschaft und Geburt nicht \u00fcberleben kann, mu\u00df man dagegen etwas tun) &#8222;Lustig&#8220; es geht um Vasektomie, was mit Abtreibung nichts zu tun hat sondern ganz klar  nur mit Verh\u00fctung. Warum ist das Thema bei einem Bericht \u00fcber Abtreibung? Weiterhin kann man sehrt geteilter Meinung \u00fcber die Rechtm\u00e4\u00dfigkeit dar\u00fcber sein. Fakt ist, dem werdenden Kind wird das Lebenrecht aberkant und was mich massiv st\u00f6rt, das bezahlen Kassen. Was ich nur perverse nennen kann. <\/p>\n\n\n\n<p>Fakt ist auch: Abtreibungen hat es immer gegeben, gibt es immer noch und wird es solange geben, solange es die Menschheit gibt. Ob verboten oder erlaubt spielt im Endeffekt keine Rolle. Es wird gemacht werden. Wenn es eben in einem Land nicht mehr geht, reist man in ein Anderes und dort wird es gehen. Egal wie man es gesetzlich regelt, die Frauen werden es machen wie sie wollen.  Ich als Mann kann nur sagen, ich pers\u00f6nlich lehne es f\u00fcr mich ab und m\u00f6chte mit Frauen, die es anders sehen m\u00f6glichst nichts zu tun haben. Leider wei\u00df man es ja nicht von Anfang an. <br><br>Aber zur\u00fcck zur dt. Presse. Man sieht wie unglaublch einseitig die ist, und ich bin dar\u00fcber mehr als verstimmt. <\/p>\n","protected":false},"excerpt":{"rendered":"<p>ist atemberaubend. Es wird die Wahl der Minister von Trump kritisiert. Mermale a) keine Trans b) viele M\u00e4nner und b ) gibt das Stichwort, erst mal &#8222;nat\u00fcrlich&#8220; sexuelle Bel\u00e4stigung, das uns die Trans mit Ihren kranken Ideen von Sex zusch\u00fctten &#8211; Schwamm dr\u00fcber, kommt in unsere Presse nicht vor. Auch die sexuellen Verfehlungen von diesen [&hellip;]<\/p>\n","protected":false},"author":1,"featured_media":0,"comment_status":"open","ping_status":"open","sticky":false,"template":"","format":"standard","meta":{"footnotes":""},"categories":[8001,20,7766],"tags":[4134,4759,8785,8687,8787,8788,8786],"class_list":["post-15675","post","type-post","status-publish","format-standard","hentry","category-meinung","category-politik","category-zeitung","tag-abtreibung","tag-bildung","tag-einseitig","tag-gruen-2","tag-menschenverachtend","tag-minister","tag-rot"],"_links":{"self":[{"href":"https:\/\/www.q-software-solutions.de\/blog\/wp-json\/wp\/v2\/posts\/15675","targetHints":{"allow":["GET"]}}],"collection":[{"href":"https:\/\/www.q-software-solutions.de\/blog\/wp-json\/wp\/v2\/posts"}],"about":[{"href":"https:\/\/www.q-software-solutions.de\/blog\/wp-json\/wp\/v2\/types\/post"}],"author":[{"embeddable":true,"href":"https:\/\/www.q-software-solutions.de\/blog\/wp-json\/wp\/v2\/users\/1"}],"replies":[{"embeddable":true,"href":"https:\/\/www.q-software-solutions.de\/blog\/wp-json\/wp\/v2\/comments?post=15675"}],"version-history":[{"count":1,"href":"https:\/\/www.q-software-solutions.de\/blog\/wp-json\/wp\/v2\/posts\/15675\/revisions"}],"predecessor-version":[{"id":15676,"href":"https:\/\/www.q-software-solutions.de\/blog\/wp-json\/wp\/v2\/posts\/15675\/revisions\/15676"}],"wp:attachment":[{"href":"https:\/\/www.q-software-solutions.de\/blog\/wp-json\/wp\/v2\/media?parent=15675"}],"wp:term":[{"taxonomy":"category","embeddable":true,"href":"https:\/\/www.q-software-solutions.de\/blog\/wp-json\/wp\/v2\/categories?post=15675"},{"taxonomy":"post_tag","embeddable":true,"href":"https:\/\/www.q-software-solutions.de\/blog\/wp-json\/wp\/v2\/tags?post=15675"}],"curies":[{"name":"wp","href":"https:\/\/api.w.org\/{rel}","templated":true}]}}