{"id":16282,"date":"2025-01-04T10:00:57","date_gmt":"2025-01-04T09:00:57","guid":{"rendered":"https:\/\/www.q-software-solutions.de\/blog\/?p=16282"},"modified":"2025-01-04T10:10:04","modified_gmt":"2025-01-04T09:10:04","slug":"bnn-heute","status":"publish","type":"post","link":"https:\/\/www.q-software-solutions.de\/blog\/2025\/01\/bnn-heute\/","title":{"rendered":"BNN heute"},"content":{"rendered":"\n<p>Zur Einsch\u00e4tzung https:\/\/www.wochenblatt-reporter.de\/ettlingen\/c-lokales\/hagel-kritisiert-tendenzioese-berichterstattung_a485734 Wer bei mir regelm\u00e4\u00dfiger vorbei lesen sollte, wei\u00df, wie viel ich aus dieser Zeitung zitiere, kritisiere und sporadisch lobend erw\u00e4hne. Heute ist es der letztere Fall. Es schreibt ein Deutsch-Argentinier \u00fcber einen Eintrag in den BNN wo Milei als Rechter dargestellt wird. Und r\u00fcckt es mal in ein anderes Licht. Was hat Argentinien nach seiner Meinung so runtergebracht? Einmal d\u00fcrfen Sie raten &#8211; Korruption und &#8222;wie immer&#8220; in diesen Tagen Geld drucken. Er verteidigt die Ma\u00dfnahmen von Milei und betont, speziell, da\u00df er es mit einer Minderheit im Parlament schafft, so viel zu \u00e4ndern. Er betont auch speziell, da\u00df die Inflation offenbar merklich gesunken ist. F\u00fcr uns Liberale und noch freiheitlicher gesinnte ist es im wahrsten Sinne des Wortes &#8222;nat\u00fcrlich&#8220;. Wir wissen aus Erfahrung, da\u00df es f\u00fcr die Linken eine Katastrophe ist. Wir haben alle Argumente auf unserer Seite, was Wirtschaft angeht, daher bleibt den Anderen halt nur \u00fcbrig, uns pers\u00f6nlich anzugehen. Das immer noch bew\u00e4hrteste Mittel dazu ist &#8222;rechts&#8220; sein. <\/p>\n\n\n\n<p>Man kann es ja auch der Wikipedia entnehmen, es ist etwas besser geworden, aber nat\u00fcrlich kann man sich miese Bemerkungen nicht verkneifen: &#8222;Einen zentralen Stellenwert im umweltpolitischen Programmteil nimmt ihre [Klimawandelleugnung](https:\/\/de.wikipedia.org\/wiki\/Klimawandelleugnung) ein. Die PDV weist den wissenschaftlichen Konsens \u00fcber die Auswirkungen von [anthropogenem](https:\/\/de.wikipedia.org\/wiki\/Anthropogen) CO2 in Zusammenhang mit dem [Treibhauseffekt](https:\/\/de.wikipedia.org\/wiki\/Treibhauseffekt) sowie dem damit verbundenen Klimawandel zur\u00fcck. Sie beruft sich hier auf die [Oregon-Petition](https:\/\/de.wikipedia.org\/wiki\/Oregon-Petition) gegen das [Kyoto-Protokoll](https:\/\/de.wikipedia.org\/wiki\/Kyoto-Protokoll), die Meinung der Klimawandelleugnerorganisation [Nongovernmental International Panel on Climate Change](https:\/\/de.wikipedia.org\/wiki\/Nongovernmental_International_Panel_on_Climate_Change) (NIPCC) bzw. \u201ezahlreiche Nobelpreistr\u00e4ger der Naturwissenschaften, die der offiziellen Klimatheorie widersprechen\u201c, von denen sich allerdings keiner n\u00e4her mit dem Klima besch\u00e4ftigt hat.&#8220; Ich bezweifle, da\u00df es in der PDV viele gibt, die einen Klimawandel &#8222;leugnen&#8220;. <\/p>\n\n\n\n<p>Die Wortwahl ist wie immer bei solchen Dingen grenzwertig. Anderes Beispiel: &#8222;Sie fordert unkontrollierte [M\u00e4rkte](https:\/\/de.wikipedia.org\/wiki\/Markt) und absolute [Vertragsfreiheit](https:\/\/de.wikipedia.org\/wiki\/Vertragsfreiheit) und ist der Auffassung, dass jeder Eingriff in die M\u00e4rkte unsoziale Folgen h\u00e4tte.[[21]](https:\/\/de.wikipedia.org\/wiki\/Partei_der_Vernunft#cite_note-ikg-bielefeld-21) Gem\u00e4\u00df der Lehre [Friedrich August von Hayeks](https:\/\/de.wikipedia.org\/wiki\/Friedrich_August_von_Hayek) fordert sie au\u00dferdem eine freie Wahl des [Zahlungsmittels](https:\/\/de.wikipedia.org\/wiki\/Zahlungsmittel).&#8220; Warum wird wohl ein &#8222;unkontrolliert&#8220; eingeschoben? Man mu\u00df nur ein wenig sensibel sein und merkt, was der Autor wirklich denkt. So auch hier: &#8222;[[Bearbeiten](https:\/\/de.wikipedia.org\/w\/index.php?title=Partei_der_Vernunft&amp;veaction=edit&amp;section=4) | [Quelltext bearbeiten](https:\/\/de.wikipedia.org\/w\/index.php?title=Partei_der_Vernunft&amp;action=edit&amp;section=4)]Austritt des Bundesvorstands Am 9. November 2014 traten acht von neun Mitgliedern des amtierenden Bundesvorstandes zur\u00fcck und aus der Partei aus. In einem Schreiben an die Parteimitglieder wird der R\u00fccktritt mit dem mangelnden Erfolg bei Wahlen und dem Verhalten der innerparteilichen Kritiker begr\u00fcndet; dabei sprach man von einem \u201e\u00fcberaus peinliche[n] Ergebnis zur Europawahl\u201c sowie von \u201eZ\u00e4nkereien und Intrigenspielchen\u201c.[[18]](https:\/\/de.wikipedia.org\/wiki\/Partei_der_Vernunft#cite_note-18) Ich war dabei und habe es mitgemacht. <\/p>\n\n\n\n<p>Komischerweise hat mich damals keiner dar\u00fcber befragt, und keiner hat gefragt, was der Vorstand damals durchdr\u00fccken wollte. Ich kann nur so schreiben, diejenigen, die f\u00fcr Freiheit waren und sind, haben sich &#8211; gl\u00fccklicherweise &#8211; durchgesetzt. Ein vordergr\u00fcndig &#8222;objektiver&#8220; Eintrag mit reichlich b\u00f6sen versteckten \u00dcberraschungseiern.<br><br>Was ich noch so fand (von heute)<br><a href=\"https:\/\/apollo-news.net\/argentinien-monatsinflation-im-vergleich-zum-vorjahr-wohl-um-97-prozent-gesunken\/\">https:\/\/apollo-news.net\/argentinien-monatsinflation-im-vergleich-zum-vorjahr-wohl-um-97-prozent-gesunken\/<\/a><\/p>\n","protected":false},"excerpt":{"rendered":"<p>Zur Einsch\u00e4tzung https:\/\/www.wochenblatt-reporter.de\/ettlingen\/c-lokales\/hagel-kritisiert-tendenzioese-berichterstattung_a485734 Wer bei mir regelm\u00e4\u00dfiger vorbei lesen sollte, wei\u00df, wie viel ich aus dieser Zeitung zitiere, kritisiere und sporadisch lobend erw\u00e4hne. Heute ist es der letztere Fall. Es schreibt ein Deutsch-Argentinier \u00fcber einen Eintrag in den BNN wo Milei als Rechter dargestellt wird. Und r\u00fcckt es mal in ein anderes Licht. Was hat [&hellip;]<\/p>\n","protected":false},"author":1,"featured_media":0,"comment_status":"open","ping_status":"open","sticky":false,"template":"","format":"standard","meta":{"footnotes":""},"categories":[20],"tags":[],"class_list":["post-16282","post","type-post","status-publish","format-standard","hentry","category-politik"],"_links":{"self":[{"href":"https:\/\/www.q-software-solutions.de\/blog\/wp-json\/wp\/v2\/posts\/16282","targetHints":{"allow":["GET"]}}],"collection":[{"href":"https:\/\/www.q-software-solutions.de\/blog\/wp-json\/wp\/v2\/posts"}],"about":[{"href":"https:\/\/www.q-software-solutions.de\/blog\/wp-json\/wp\/v2\/types\/post"}],"author":[{"embeddable":true,"href":"https:\/\/www.q-software-solutions.de\/blog\/wp-json\/wp\/v2\/users\/1"}],"replies":[{"embeddable":true,"href":"https:\/\/www.q-software-solutions.de\/blog\/wp-json\/wp\/v2\/comments?post=16282"}],"version-history":[{"count":3,"href":"https:\/\/www.q-software-solutions.de\/blog\/wp-json\/wp\/v2\/posts\/16282\/revisions"}],"predecessor-version":[{"id":16285,"href":"https:\/\/www.q-software-solutions.de\/blog\/wp-json\/wp\/v2\/posts\/16282\/revisions\/16285"}],"wp:attachment":[{"href":"https:\/\/www.q-software-solutions.de\/blog\/wp-json\/wp\/v2\/media?parent=16282"}],"wp:term":[{"taxonomy":"category","embeddable":true,"href":"https:\/\/www.q-software-solutions.de\/blog\/wp-json\/wp\/v2\/categories?post=16282"},{"taxonomy":"post_tag","embeddable":true,"href":"https:\/\/www.q-software-solutions.de\/blog\/wp-json\/wp\/v2\/tags?post=16282"}],"curies":[{"name":"wp","href":"https:\/\/api.w.org\/{rel}","templated":true}]}}