{"id":1681,"date":"2008-09-08T12:33:00","date_gmt":"2008-09-08T12:33:00","guid":{"rendered":"http:\/\/www.q-software-solutions.de\/blog\/?p=1681"},"modified":"2017-12-07T07:43:47","modified_gmt":"2017-12-07T06:43:47","slug":"ein-guter-oder-ein-schlechter-tag","status":"publish","type":"post","link":"https:\/\/www.q-software-solutions.de\/blog\/2008\/09\/ein-guter-oder-ein-schlechter-tag\/","title":{"rendered":"Ein guter oder ein schlechter Tag?"},"content":{"rendered":"<p>f\u00fcr meine wenig geliebte SPD? Ich mu\u00df zugeben ich w\u00fcnschte mir einen wirklich schlechten Tag und es w\u00e4re mir angenehm wenn die SPD in den Umfragen noch weiter runter ginge. Ich kann bei der SPD kaum etwas erkennen was mich freundlich stimmen k\u00f6nnte. Statt daf\u00fcr zu sorgen, da\u00df sich Leute selber helfen k\u00f6nnen, wird immer noch an verteilen gedacht. Soziale Gerechtigkeit ist f\u00fcr mich nicht, &#8222;wegnehmen durch die Politiker (MwST, \u00d6kl-Steuer, Soli und was wei\u00df ich noch, durchm\u00fcllern durch eine immer weiter ausufernde B\u00fcrokratie mit entsprechenden &#8222;Geldverlusten&#8220; und dann rauswerfen f\u00fcr den der gerade am bed\u00fcrftigsten erscheint&#8220; Meine Idee von sozialer Gerechtigkeit  lautet,  &#8222;Hilfe zur Selbsthilfe&#8220; weniger B\u00fcrokratie und nicht nur \u00fcber den &#8222;Bildungsstandort Deutschland&#8220; reden sondern daf\u00fcr auch etwas zu tun. Zumindest sollte man denjenigen die darin noch investieren nicht auch noch Steine in den Weg  werfen. Aber nein,  Steine sind ja besser, ein Wust an Vorschriften f\u00fcr die Anstellung von Leuten, strikte Trennung in arbeiten in was wei\u00df ich f\u00fcr gro\u00dfen Firmen,  mit entsprechenden Corporate Policies und noch dickeren Geldb\u00fcndeln und Arbeit f\u00fcr Privatpersonen. Gibt es einen Grund warum es ok ist f\u00fcr sagen wir mal eine  Immobilenfirma einen Garten zu pflegen oder f\u00fcr eine Privatperson?<\/p>\n<p>Warum ist das Eine &#8222;korrekte&#8220; Arbeit und warum das Andere nicht? Wieso werden Leuten die willig sind etwas zu investieren in vielen Bereichen so hohe  H\u00fcrden gestellt, da\u00df es Ihnen vergeht?<\/p>\n<p>Alles fragen auf die m.E. die SPD niemals Antworten fand. Das Ganze l\u00e4uft immer nur darauf heraus den Leuten was wegzunehmen und dann  &#8222;gro\u00dfz\u00fcgig&#8220; unter dem Mantel der &#8222;sozialen Gerechtigkeit&#8220; zu &#8222;gew\u00e4hren&#8220;.<\/p>\n<p>Der &#8222;Erfolg&#8220; der Linken ist ein Schlag ins Gesicht von allen die unter der ach so &#8222;sozialen&#8220; Deutschen Demokratischen Republik&#8220; zu leiden hatten. Aber offenbar lieb\u00e4ugelt man in der sozialdemokratie mit eben diesen Verbrechern&#8230;..<\/p>\n<p>Noch eine ganz andere Frage. Wie soll eine vertrauensvolle Zusammenarbeit zwischen unser derzeiten Majest\u00e4t &#8222;von und zu Merkel&#8220; und Steinmeier aussehen? Wahrscheinlich kann da kaum jemand in der SPD einen Interessenskonflikt sehen&#8230;.<\/p>\n<p>Naja, die Zeit wird zeigen ob es ein guter oder schlechter Tag f\u00fcr<br \/>a) die SPD<br \/>b) Deutschland und den hier lebenden Menschen war.<\/p>\n<p>Ich hoffe auf einen miesen Tag f\u00fcr die SPD und einen guten f\u00fcr nicht SPD Anh\u00e4nger, wahrscheinlich aber nur Wunschdenken&#8230;.<\/p>\n<p>Auf Genossen, nach links? nach rechts? &#8212; egal &#8212; Hauptsache nach unten&#8230;<\/p>\n<p>Auf eine &#8222;interessantes&#8220; Politikjahr&#8230;.<\/p>\n","protected":false},"excerpt":{"rendered":"<p>f\u00fcr meine wenig geliebte SPD? Ich mu\u00df zugeben ich w\u00fcnschte mir einen wirklich schlechten Tag und es w\u00e4re mir angenehm wenn die SPD in den Umfragen noch weiter runter ginge. Ich kann bei der SPD kaum etwas erkennen was mich freundlich stimmen k\u00f6nnte. Statt daf\u00fcr zu sorgen, da\u00df sich Leute selber helfen k\u00f6nnen, wird immer [&hellip;]<\/p>\n","protected":false},"author":1,"featured_media":0,"comment_status":"open","ping_status":"open","sticky":false,"template":"","format":"standard","meta":{"footnotes":""},"categories":[3974],"tags":[],"class_list":["post-1681","post","type-post","status-publish","format-standard","hentry","category-allgemein"],"_links":{"self":[{"href":"https:\/\/www.q-software-solutions.de\/blog\/wp-json\/wp\/v2\/posts\/1681","targetHints":{"allow":["GET"]}}],"collection":[{"href":"https:\/\/www.q-software-solutions.de\/blog\/wp-json\/wp\/v2\/posts"}],"about":[{"href":"https:\/\/www.q-software-solutions.de\/blog\/wp-json\/wp\/v2\/types\/post"}],"author":[{"embeddable":true,"href":"https:\/\/www.q-software-solutions.de\/blog\/wp-json\/wp\/v2\/users\/1"}],"replies":[{"embeddable":true,"href":"https:\/\/www.q-software-solutions.de\/blog\/wp-json\/wp\/v2\/comments?post=1681"}],"version-history":[{"count":0,"href":"https:\/\/www.q-software-solutions.de\/blog\/wp-json\/wp\/v2\/posts\/1681\/revisions"}],"wp:attachment":[{"href":"https:\/\/www.q-software-solutions.de\/blog\/wp-json\/wp\/v2\/media?parent=1681"}],"wp:term":[{"taxonomy":"category","embeddable":true,"href":"https:\/\/www.q-software-solutions.de\/blog\/wp-json\/wp\/v2\/categories?post=1681"},{"taxonomy":"post_tag","embeddable":true,"href":"https:\/\/www.q-software-solutions.de\/blog\/wp-json\/wp\/v2\/tags?post=1681"}],"curies":[{"name":"wp","href":"https:\/\/api.w.org\/{rel}","templated":true}]}}