{"id":16972,"date":"2025-03-25T09:13:14","date_gmt":"2025-03-25T08:13:14","guid":{"rendered":"https:\/\/www.q-software-solutions.de\/blog\/?p=16972"},"modified":"2025-03-25T09:13:17","modified_gmt":"2025-03-25T08:13:17","slug":"meine-berechtigten-zweifel","status":"publish","type":"post","link":"https:\/\/www.q-software-solutions.de\/blog\/2025\/03\/meine-berechtigten-zweifel\/","title":{"rendered":"Meine &#8211; berechtigten &#8211; Zweifel"},"content":{"rendered":"\n<p>An unsere Polizei und Justiz.<br>Man mu\u00df nur die passende Definition einsetzen und als Polizei darf man das auf keinen Fall hinterfragen.<br>Ein paar Fragen, die Polizisten nicht stellen:<br>1) Wer sind die T\u00e4ter<br>2) Was ist rechts?<\/p>\n\n\n\n<p>Steht da nicht, da mu\u00df man selbst suchen gehen:<br><a href=\"https:\/\/www.bpb.de\/themen\/rechtsextremismus\/dossier-rechtsextremismus\/264178\/straf-und-gewalttaten-von-rechts-was-sagen-die-offiziellen-statistiken\/\">https:\/\/www.bpb.de\/themen\/rechtsextremismus\/dossier-rechtsextremismus\/264178\/straf-und-gewalttaten-von-rechts-was-sagen-die-offiziellen-statistiken\/<\/a><\/p>\n\n\n\n<p>&#8220; rassistische, fremdenfeindliche, antisemitische und andere Straftaten&#8220;<\/p>\n\n\n\n<p>&#8230;<\/p>\n\n\n\n<p>Wer sind nur die gr\u00f6\u00dften Antisemiten? Na? Wer kommt drauf?<br>Mit die Linken, und das wird als rechts gez\u00e4hlt! Ein Realist, der B\u00f6ses dabei denkt.<br>Ach ja, und wenn es Ausl\u00e4nder sind, wie wird das wohl gewertet, wenn die Juden angehen? Oder Ausl\u00e4nder, die auf Deutsche losgehen, wir sind ja keine &#8222;Fremden&#8220; &#8230; Wie wird wohl Rassismus gegen Deutsche gez\u00e4hlt?<\/p>\n\n\n\n<p>Die Polizei fragt nicht &#8230;, hat sie ja auch noch nie gemacht. Tr\u00e4ger des Nazisystems und der DDR-Diktatur haben sicher kein Problem damit, f\u00fcr die n\u00e4chste neue dt. Diktatur dasselbe zu machen.<\/p>\n\n\n\n<p>Was schreibt ein Kollege dazu?<br>Das: <a href=\"https:\/\/freiheitsfunken.info\/2025\/03\/24\/22862-gestahlfedert-die-statistik-des-grauens-teil-8-und-ewig-luegt-des-reultier\">https:\/\/freiheitsfunken.info\/2025\/03\/24\/22862-gestahlfedert-die-statistik-des-grauens-teil-8-und-ewig-luegt-des-reultier<\/a><\/p>\n","protected":false},"excerpt":{"rendered":"<p>An unsere Polizei und Justiz.Man mu\u00df nur die passende Definition einsetzen und als Polizei darf man das auf keinen Fall hinterfragen.Ein paar Fragen, die Polizisten nicht stellen:1) Wer sind die T\u00e4ter2) Was ist rechts? Steht da nicht, da mu\u00df man selbst suchen gehen:https:\/\/www.bpb.de\/themen\/rechtsextremismus\/dossier-rechtsextremismus\/264178\/straf-und-gewalttaten-von-rechts-was-sagen-die-offiziellen-statistiken\/ &#8220; rassistische, fremdenfeindliche, antisemitische und andere Straftaten&#8220; &#8230; Wer sind nur die [&hellip;]<\/p>\n","protected":false},"author":1,"featured_media":0,"comment_status":"open","ping_status":"open","sticky":false,"template":"","format":"standard","meta":{"footnotes":""},"categories":[8892],"tags":[],"class_list":["post-16972","post","type-post","status-publish","format-standard","hentry","category-zweifel"],"_links":{"self":[{"href":"https:\/\/www.q-software-solutions.de\/blog\/wp-json\/wp\/v2\/posts\/16972","targetHints":{"allow":["GET"]}}],"collection":[{"href":"https:\/\/www.q-software-solutions.de\/blog\/wp-json\/wp\/v2\/posts"}],"about":[{"href":"https:\/\/www.q-software-solutions.de\/blog\/wp-json\/wp\/v2\/types\/post"}],"author":[{"embeddable":true,"href":"https:\/\/www.q-software-solutions.de\/blog\/wp-json\/wp\/v2\/users\/1"}],"replies":[{"embeddable":true,"href":"https:\/\/www.q-software-solutions.de\/blog\/wp-json\/wp\/v2\/comments?post=16972"}],"version-history":[{"count":1,"href":"https:\/\/www.q-software-solutions.de\/blog\/wp-json\/wp\/v2\/posts\/16972\/revisions"}],"predecessor-version":[{"id":16973,"href":"https:\/\/www.q-software-solutions.de\/blog\/wp-json\/wp\/v2\/posts\/16972\/revisions\/16973"}],"wp:attachment":[{"href":"https:\/\/www.q-software-solutions.de\/blog\/wp-json\/wp\/v2\/media?parent=16972"}],"wp:term":[{"taxonomy":"category","embeddable":true,"href":"https:\/\/www.q-software-solutions.de\/blog\/wp-json\/wp\/v2\/categories?post=16972"},{"taxonomy":"post_tag","embeddable":true,"href":"https:\/\/www.q-software-solutions.de\/blog\/wp-json\/wp\/v2\/tags?post=16972"}],"curies":[{"name":"wp","href":"https:\/\/api.w.org\/{rel}","templated":true}]}}