{"id":2525,"date":"2015-05-20T06:25:02","date_gmt":"2015-05-20T05:25:02","guid":{"rendered":"http:\/\/www.q-software-solutions.de\/blog\/?p=2525"},"modified":"2015-05-20T06:25:02","modified_gmt":"2015-05-20T05:25:02","slug":"das-groesste-problem-mit-den-gruenen-und-linken","status":"publish","type":"post","link":"https:\/\/www.q-software-solutions.de\/blog\/2015\/05\/das-groesste-problem-mit-den-gruenen-und-linken\/","title":{"rendered":"Das gr\u00f6\u00dfte Problem mit den Gr\u00fcnen und Linken"},"content":{"rendered":"<p>diese sind im Grunde gegen Demokratie. Ja, sie reden auch von Demokratie meinen aber im Endeffekt nur ein Abnicken Ihrer Ideen die &#8222;angebliche Legitimation&#8220; durch Wahlen.  Die Gr\u00fcnen sind was Ihre Toleranz angeht sehr begrenzt. In bestimmten Bereichen gibt es f\u00fcr Toleranz keine Grenzen, aber wenn es gegen Ihren Fanatismus geht ist es aus mit der Toleranz. Klimaskeptiker einsperren! Kein Problem, diese diskreditieren. Aber immer. Es gibt ein genau eine Nemesis f\u00fcr beide Str\u00f6mungen, das sind Familien. Sie wollen diese Bande im Grund zerst\u00f6rt sehen um die Menschen in ihnen gef\u00e4lligen Organisationen unterzubringen. Dort wird dann versucht die Leute v\u00f6llig auf die eigene Linie einzuschw\u00f6ren. Das ist bei beiden schon sektenartig. Bei den Gr\u00fcnen es es einfach: Die Natur ist gut der Mensch ist b\u00f6se bei den Linken ist es der Staat ist gut der Einzelne (k)ein Problem. <\/p>\n<p>Kollektivismus einigt beide ebenfalls. Man traut dem Einzelnen so gut wir gar nichts mehr zu und die Einzelnen m\u00fcssen auf jeden Fall durch eben weise Gr\u00fcne\/Linke auf den rechten Weg gef\u00fchrt werden.<\/p>\n<p>Ich gestehe einige Sachen zu. Das ist auch so bei anderen Parteien und man mu\u00df schon ein wenig graben um diese traurige Wahrheit zu erkennen. Die Gr\u00fcnen und die Linken k\u00f6nnen nur immer eins bringen Unfreiheit, dabei behaupten Sie nat\u00fcrlich immer das Gegenteil. Was beide nat\u00fcrlich auch ein ist ein Ablehnen von Kapitalismus. Das wiederum ist einfach verst\u00e4ndlich weil im Kapitalismus  der Einzelne z\u00e4hlt. Genau das wollen die Gr\u00fcnen und noch spezieller die Linken nicht. Die Partei (also eine Gruppe &#8222;Auserw\u00e4hlter&#8220;) ist dort alles das A bis Z. Das in dieser Partei die F\u00fchrungskr\u00e4fte keinerlei Beschr\u00e4nkungen erfahren, versteht sich von selbst. Nichts kann f\u00fcr die Bonzen gut oder teuer genug sein. Das sieht man bei den Gr\u00fcnen sehr genau. Sie predigen Verzicht aber selber nehmen Sie alles f\u00fcr sich in Anspruch (da man ja zu den &#8222;Guten&#8220; geh\u00f6rt). Die Geschichte aus der DDR zeigt, die Nomenklatura hatte \u00fcberhaupt keine Probleme. Man mu\u00dfte nur den Gesang vom gro\u00dfen guten Bruder UDSSR singen, hatte ansonsten gar nichts zu entscheiden. Konnte aber im Grunde jeden zu Grunde richten. Es gab keinen Mangel f\u00fcr Honecker und Konsorten. Alles ging. Hier stehen die neuen Linken den Alten SEDlern in gar nichts nach. Luxus f\u00fcr die eigene Oberschicht, so gut wie nichts f\u00fcr die Untertanen. Damit passen die Gr\u00fcnen und Linken nat\u00fcrlich genau zu dt. Mentalit\u00e4t. <\/p>\n<p>Daher werden sie uns leider noch lange erhalten bleiben. Und es ist auch klar bevor es mehr Freiheit geben wird, wird die Sklaverei noch wachsen. <\/p>\n","protected":false},"excerpt":{"rendered":"<p>diese sind im Grunde gegen Demokratie. Ja, sie reden auch von Demokratie meinen aber im Endeffekt nur ein Abnicken Ihrer Ideen die &#8222;angebliche Legitimation&#8220; durch Wahlen. Die Gr\u00fcnen sind was Ihre Toleranz angeht sehr begrenzt. In bestimmten Bereichen gibt es f\u00fcr Toleranz keine Grenzen, aber wenn es gegen Ihren Fanatismus geht ist es aus mit [&hellip;]<\/p>\n","protected":false},"author":1,"featured_media":0,"comment_status":"open","ping_status":"open","sticky":false,"template":"","format":"standard","meta":{"footnotes":""},"categories":[3974],"tags":[4593,4674,4305,4617],"class_list":["post-2525","post","type-post","status-publish","format-standard","hentry","category-allgemein","tag-grune","tag-linke","tag-menschenbild","tag-sozialismus"],"_links":{"self":[{"href":"https:\/\/www.q-software-solutions.de\/blog\/wp-json\/wp\/v2\/posts\/2525","targetHints":{"allow":["GET"]}}],"collection":[{"href":"https:\/\/www.q-software-solutions.de\/blog\/wp-json\/wp\/v2\/posts"}],"about":[{"href":"https:\/\/www.q-software-solutions.de\/blog\/wp-json\/wp\/v2\/types\/post"}],"author":[{"embeddable":true,"href":"https:\/\/www.q-software-solutions.de\/blog\/wp-json\/wp\/v2\/users\/1"}],"replies":[{"embeddable":true,"href":"https:\/\/www.q-software-solutions.de\/blog\/wp-json\/wp\/v2\/comments?post=2525"}],"version-history":[{"count":0,"href":"https:\/\/www.q-software-solutions.de\/blog\/wp-json\/wp\/v2\/posts\/2525\/revisions"}],"wp:attachment":[{"href":"https:\/\/www.q-software-solutions.de\/blog\/wp-json\/wp\/v2\/media?parent=2525"}],"wp:term":[{"taxonomy":"category","embeddable":true,"href":"https:\/\/www.q-software-solutions.de\/blog\/wp-json\/wp\/v2\/categories?post=2525"},{"taxonomy":"post_tag","embeddable":true,"href":"https:\/\/www.q-software-solutions.de\/blog\/wp-json\/wp\/v2\/tags?post=2525"}],"curies":[{"name":"wp","href":"https:\/\/api.w.org\/{rel}","templated":true}]}}