{"id":2841,"date":"2015-10-12T06:06:29","date_gmt":"2015-10-12T05:06:29","guid":{"rendered":"http:\/\/www.q-software-solutions.de\/blog\/?p=2841"},"modified":"2015-10-12T06:08:50","modified_gmt":"2015-10-12T05:08:50","slug":"hab-ich-mal-woanders-geschrieben","status":"publish","type":"post","link":"https:\/\/www.q-software-solutions.de\/blog\/2015\/10\/hab-ich-mal-woanders-geschrieben\/","title":{"rendered":"Hab&#8216; ich mal woanders geschrieben"},"content":{"rendered":"<p>bin gerade in der &#8222;richtigen&#8220; Laune, das noch mal festzuhalten. Und der gro\u00dfe Vorteil dieses Blog ist total und ohne Kompromisse meins. <\/p>\n<p>D\u00fcsseldorf (ots) &#8211; Verteidigungsministerin Ursula von der Leyen (CDU) hat eine \u00dcberpr\u00fcfung der Eignungsmerkmale f\u00fcr die Bundeswehr angek\u00fcndigt &#8211; als eine M\u00f6glichkeit, die Bundeswehr als Arbeitgeber attraktiver zu machen. &#8222;Beispiel k\u00f6rperliche Fitness: Es stellt sich die Frage, ob jeder einzelne Soldat und jede einzelne Soldatin, gleich welche Aufgabe sie im Riesenkonzern Bundeswehr ausf\u00fcllt, tats\u00e4chlich einen langen Marsch mit schwerem Gep\u00e4ck bew\u00e4ltigen k\u00f6nnen muss&#8220;, sagte von der Leyen der in D\u00fcsseldorf erscheinenden &#8222;Rheinischen Post&#8220; (Dienstagausgabe). &#8222;Da m\u00fcssen wir eher danach gehen, was eigentlich eine moderne, hochtechnisierte Armee braucht&#8220;, betonte die Ministerin. Fitness sei immer gut, ein moderne Armee brauche aber ebenso die F\u00e4higkeit zum vernetzten Arbeiten, soziale Kompetenzen, eine moderne &#8222;Unternehmenskultur&#8220; und ausgepr\u00e4gtes Technikverst\u00e4ndnis, betonte von der Leyen. &#8222;F\u00fcr Menschen, die das bei der Bundeswehr einbringen wollen, d\u00fcrfen wir nicht unn\u00f6tige H\u00fcrden aufbauen.&#8220; Die Ministerin sagte zudem, dass die Bundeswehr immer ein besonderer Arbeitgeber sein werde, auch mit Blick auf die Auslandseins\u00e4tze. &#8222;Trotzdem m\u00fcssen wir im Dienst zu Hause, der mehr als 90 Prozent des Alltags ausmacht, besser werden&#8220;, sagte sie. Die Truppe m\u00fcsse den &#8222;Anschluss an die moderne Arbeitswelt finden&#8220;. Dies gelte bei Themen wie Teilzeit, mobiles Arbeiten, attraktive Karrierepfade und Vereinbarkeit von Beruf und Familie.<\/p>\n<p>Gefunden hier: http:\/\/www.presseportal.de\/pm\/30621\/2695\u00e2\u20ac\u00a6che-fitness-bei<\/p>\n<p>Soziale Kompetenz beim Milit\u00e4r, also zu meiner Zeit als &#8222;Grundwehrdienstleistender&#8220; war das noch v\u00f6llig \u00fcberfl\u00fcssig. F\u00fchren wir jetzt Krieg mit scharfen Worten? Mit sozial ausgewogenen Verb\u00e4ndden oder immer noch mit Waffen?<\/p>\n<p>Moderne Unternehmenskultur? Hei\u00dft das wir diskutieren ab heute \u00fcber jeden Befehl, ziehen hinter dem R\u00fccken \u00fcber die Chefs her. Buckeln nach oben und treten nach unten &#8211; ups das hat sich doch irgendwie seit meiner Zeit auch nicht wirklich ge\u00e4ndert.<\/p>\n<p>Vernetztes Arbeiten? Anruf bei der NSA, Anruf bei der Exekutive der Armee f\u00fcr Drohneneins\u00e4tze, ermorden per Drohne, Erfolgsmeldung per Twitter an Genossin Merkelowa oder Big President &#8211; irgendwas mit o und ama?<\/p>\n<p>Das die Frauen offenbar nicht so belastbar sind, lassen wir jetzt einfach die M\u00e4nner drau\u00dfen liegen, denn leider leider ist es Frauen nicht m\u00f6glich M\u00e4nner zu bergen. Ist halt pP im falschen Geschlecht zu landen.<\/p>\n<p>Man fragt sich wieso es bei bestimmten Dingen offensichtlich gut ist M\u00e4nner zu diskriminieren und warum Frauen nicht einmal \u00e4hnliche Anforderungen abdecken k\u00f6nnen. Sie sind also per ser &#8222;sozial kompetenter&#8220;. Warum kommen mir das so meine Zweifel? Wieso ist es f\u00fcr Frauen nicht zumutbar Hatz Haz hol&#8216; mich die Heide abzuleisten? Was machen wir nun bei einer Evakuierung irgendwann mal. Frauen werden zuerst abgeholt? Und M\u00e4nner d\u00fcrfen sich l\u00e4nger abschlachten lassen.<\/p>\n<p>So viele Fragen und so wenig Antworten. Gleiches Recht f\u00fcr Alle? Gleiches Recht f\u00fcr Alle zum diskriminieren? Nein, ja, vielleicht? Wer soll es noch wissen.<\/p>\n<p>Was nun wenn eine Frau unbedingt Fallschirmspringer oder Kampfschwimmer werden will? Wo man sich vielleicht nicht aussuchen kann wo und wie man k\u00e4mpfen mu\u00df. Auch da ungleiches Recht aber daf\u00fcr dann gleiche Bezahlung?<\/p>\n<p>Oder sollte man vielleicht mal anhalten und nachdenken, da\u00df es durchaus geschlechtspezifische Unterschiede gibt und zwar nicht &#8222;nur&#8220; die rein \u00c4u\u00dferlichen. Warum ist Quote f\u00fcr gr\u00f6\u00dfere Firmen ok, aber Quoten f\u00fcr M\u00fcllfrauen oder Kinderg\u00e4rtner nicht? Wieso darf man in einigen Berufen diskriminieren und in anderen wieder nicht. Und warum habe ich bisher niemals von einer M\u00e4nnerquote gelesen? So viele Fragen&#8230;..<\/p>\n","protected":false},"excerpt":{"rendered":"<p>bin gerade in der &#8222;richtigen&#8220; Laune, das noch mal festzuhalten. Und der gro\u00dfe Vorteil dieses Blog ist total und ohne Kompromisse meins. D\u00fcsseldorf (ots) &#8211; Verteidigungsministerin Ursula von der Leyen (CDU) hat eine \u00dcberpr\u00fcfung der Eignungsmerkmale f\u00fcr die Bundeswehr angek\u00fcndigt &#8211; als eine M\u00f6glichkeit, die Bundeswehr als Arbeitgeber attraktiver zu machen. &#8222;Beispiel k\u00f6rperliche Fitness: Es [&hellip;]<\/p>\n","protected":false},"author":1,"featured_media":0,"comment_status":"open","ping_status":"open","sticky":false,"template":"","format":"standard","meta":{"footnotes":""},"categories":[3974],"tags":[4785,4786,4576],"class_list":["post-2841","post","type-post","status-publish","format-standard","hentry","category-allgemein","tag-hirngespinste","tag-nervt","tag-von-der-leyen"],"_links":{"self":[{"href":"https:\/\/www.q-software-solutions.de\/blog\/wp-json\/wp\/v2\/posts\/2841","targetHints":{"allow":["GET"]}}],"collection":[{"href":"https:\/\/www.q-software-solutions.de\/blog\/wp-json\/wp\/v2\/posts"}],"about":[{"href":"https:\/\/www.q-software-solutions.de\/blog\/wp-json\/wp\/v2\/types\/post"}],"author":[{"embeddable":true,"href":"https:\/\/www.q-software-solutions.de\/blog\/wp-json\/wp\/v2\/users\/1"}],"replies":[{"embeddable":true,"href":"https:\/\/www.q-software-solutions.de\/blog\/wp-json\/wp\/v2\/comments?post=2841"}],"version-history":[{"count":0,"href":"https:\/\/www.q-software-solutions.de\/blog\/wp-json\/wp\/v2\/posts\/2841\/revisions"}],"wp:attachment":[{"href":"https:\/\/www.q-software-solutions.de\/blog\/wp-json\/wp\/v2\/media?parent=2841"}],"wp:term":[{"taxonomy":"category","embeddable":true,"href":"https:\/\/www.q-software-solutions.de\/blog\/wp-json\/wp\/v2\/categories?post=2841"},{"taxonomy":"post_tag","embeddable":true,"href":"https:\/\/www.q-software-solutions.de\/blog\/wp-json\/wp\/v2\/tags?post=2841"}],"curies":[{"name":"wp","href":"https:\/\/api.w.org\/{rel}","templated":true}]}}