{"id":2855,"date":"2015-10-18T07:40:51","date_gmt":"2015-10-18T06:40:51","guid":{"rendered":"http:\/\/www.q-software-solutions.de\/blog\/?p=2855"},"modified":"2015-10-20T13:58:51","modified_gmt":"2015-10-20T12:58:51","slug":"moechte-ich-auch-hier-festhalten","status":"publish","type":"post","link":"https:\/\/www.q-software-solutions.de\/blog\/2015\/10\/moechte-ich-auch-hier-festhalten\/","title":{"rendered":"M\u00f6chte ich auch hier festhalten"},"content":{"rendered":"<p>Sie wissen schon mein Blog \ud83d\ude09<\/p>\n<p>Und auch ein bisschen mit als Beitrag zu:<\/p>\n<blockquote class=\"wp-embedded-content\" data-secret=\"wroOtocD5W\"><p><a href=\"https:\/\/sciencefiles.org\/2015\/10\/17\/feindbild-weg-pegida-demonstranten-sind-keine-nazis\/\">Feindbild weg: Pegida-Demonstranten sind keine Nazis<\/a><\/p><\/blockquote>\n<p><iframe loading=\"lazy\" class=\"wp-embedded-content\" sandbox=\"allow-scripts\" security=\"restricted\" style=\"position: absolute; visibility: hidden;\" title=\"&#8222;Feindbild weg: Pegida-Demonstranten sind keine Nazis&#8220; &#8212; SciFi\" src=\"https:\/\/sciencefiles.org\/2015\/10\/17\/feindbild-weg-pegida-demonstranten-sind-keine-nazis\/embed\/#?secret=8LouMfWhXK#?secret=wroOtocD5W\" data-secret=\"wroOtocD5W\" width=\"600\" height=\"338\" frameborder=\"0\" marginwidth=\"0\" marginheight=\"0\" scrolling=\"no\"><\/iframe><br \/>\nGeschrieben im Mrz (mit leichten \u00c4nderungen hier noch mal gepostet)<br \/>\nMein vorl\u00e4ufiges Fazit<br \/>\nzu den GIDA.<\/p>\n<p>Erst einmal kann ich mir einen kleinen Seitenhieb wegen dem Gegen nicht verkneifen. Die ganze Truppen hei\u00dfen xy gegen (!) &#8230;.<br \/>\nAlso kann sich wohl schreiben gegen die GEZ, gegen Verbote, gegen &#8230; was auch nur ein Umschreibung f\u00fcr nein zu ist &#8230;<\/p>\n<p>Aber gut nicht das Ding. Ich pers\u00f6nlich bin kein Fan der gidas und ich w\u00fcrde nur aus einem Grund mitgehen. Weil ich es kann (Ihr wi\u00dft schon, kleine Anspielung auf den Hund der kann)<br \/>\nDa ich mit allen Religionen so meine Schwierigkeit habe, ist es mir eigentlich egal wer mich wann wo wie unterdr\u00fccken will. Fr\u00fcher waren es eben in Europa die christlichen Kirchen, mit den &#8222;gottgewollten Herrschern&#8220; Heute sind es die Islamisten die irgendeinen Gottestaat fordern, oder alternativ hier in D der Glaube an soziale Gerechtigkeit, den Klimawandel, das einfach nur Gut e nicht Fleisch essen, den Nannystaat und nat\u00fcrlich der unersch\u00fctterliche Glaube der Deutschen an die Segnungen der Politik.<\/p>\n<p>Meine Meinung dazu ist, sollte nicht mein Problem sein. Wird es nur wenn Zuwanderer aus welchen Gr\u00fcnden durch Steuergelder ausgehalten werden sollen\/m\u00fcssen. Ich sehe durchaus, die guten Gr\u00fcnde nach D zu gehen. Ich bin aber nicht der Meinung, das hier nur von der einen Seite gefordert werden kann darf. Wie man das wirklich formulieren kann &#8211; wei\u00df ich nicht. Ich habe mal die Idee eines Sponsors oder Sponsoren aufgeworfen. Sollten sie Leute finden die f\u00fcr die Neuank\u00f6mmlinge bezahlen wollen, dann haben Sie das zu tun. Steuergelder sind immer das Geld andere Leute und ich kann nicht sehen warum man jemanden zwingen kann\/darf\/soll f\u00fcr etwas zu bezahlen von dem man sich nichts Gutes verspricht.<\/p>\n<p>Sponsoren k\u00f6nnen f\u00fcr mich auch Arbeitgeber sein, die eben sagen ich m\u00f6chte den und den gerne einstellen. Und ich erwarte auch, da\u00df diese Leute zumindest die Landessprache lernen. Es ist sicherlich nicht in Ordnung zu erwarten,da\u00df die Deutschen doch bittesch\u00f6n welche Sprache auch immer lernen sollten. Wenn bin ich sowieso daf\u00fcr weltweit Esperanto lernen zu lassen. Es w\u00e4re f\u00fcr jeder Verst\u00e4ndigung besser wenn man sich wirklich unterhalten k\u00f6nnte. Stolpersteine gibt es neben der Sprache allemal genug. So hat mich vor kurzem ein Hausbesitzer aus Karlsruhe der NUR Studenten mit befristeten Vertr\u00e4gen als Mieter annimmt von chinesischen Gaststudentinnen erz\u00e4hlt. Als Europ\u00e4er kommt man auf gewisse Dinge tats\u00e4chlich nicht, da\u00df mu\u00df man wohl erleben.<\/p>\n<p>F\u00fcr mich h\u00f6rt genau da die Toleranz auf wo ich gezwungen werden. Will ich mit Ausl\u00e4ndern nichts zu tun haben, ist da nun mal mein Problem. Will ich keine Transferzahlungen, dann sollte es auch nicht n\u00f6tig\/m\u00f6glich sein mich dazu zu zwingen. Wenn die gida Leute eben ein Problem mit Teilen oder gar dem Ganzen Islam haben, kann ich auch das verstehen. Ich kann nicht verstehen wieso deren \u00c4ngste unrealer oder einfach so zu ignorieren sind.<\/p>\n<p>Es bleibt f\u00fcr mich aber ein unl\u00f6sbares Problem. Was wenn diese Leute schon irgendwie in&#8217;s Land gekommen sind? Was dann? Ich habe keine L\u00f6sung nur eine banalen Vorschlag. Wenn Sie da sind m\u00fcssen Sie halt schauen wie sie durchkommen&#8230; Legal werden Sie hier kaum etwas &#8211; mit unseren Gesetzen &#8211; werden k\u00f6nnen. Und Menschen ohne Perspektive k\u00f6nnen sich immer sagen &#8222;Vielleicht finde ich etwas Besseres als den eigenen Tod&#8220; und sei es der Tod von jemand anderem. Was will man hier werden? Kein Deutsch, wom\u00f6glich keine Schul\/Berufsausbildung und dazu Gesetze die man gar nicht kennen kann. Was soll da glatt gehen?<\/p>\n<p>Insgesamt bringen die Gida Demonstranten, Ihre Sicht zum Ausdruck. Es ist nicht meine Sicht und ich bin nur in sofern gegen den Islam, wie er mich selber unter sich zwingen will\/kann.<br \/>\nHier h\u00f6rt meine Toleranz auf und die h\u00f6rt auch auf wenn beliebig einfach Dinge die jeder kapieren kann ignoriert werden. Es gelten unsere Gesetze. Und hier m\u00fcssen wir uns auch in keinster Weise verbiegen. Wo Verschleierung eben mit unseren Gesetzen kollidiert, gelten unsere Gesetze nicht die von wem auch immer. Wir irgendwer von wem auch immer \u00fcberfallen oder bedroht, hat jeder das Recht sich zu verteidigen. Geht es gegen das eigene Leben, ist jede Verteidigung zul\u00e4ssig. Wollen die Leute etwas von uns kann ich erwarten, da\u00df Sie mit mir sprechen k\u00f6nnen. Sollten Sie es ablehnen deutsch zu lernen, sollen Sie eben dorthin gehen wo Sie sich zumindest verst\u00e4ndlich machen k\u00f6nnen. Werden wir bedroht, kann es keine Diskussion dar\u00fcber geben, ob wir uns wehren d\u00fcrfen. Wer mit unsere Lebensweise nicht klar kommt, soll doch bitte dorthin gehen wo seine Lebensweise nicht mit den Gewohnheiten kollidiert.<\/p>\n<p>Es geht gar nicht an, da\u00df Toleranz eine einseitige Sache ist. Es kann nicht sein, da\u00df wir allen Befindlichkeiten und Beschwerden nachgeben es aber \u00fcberhaupt keine Bereitschaft gibt sich wenn schon nicht anzupassen dann doch so zu verhalten, da\u00df man mit unseren Ma\u00dfst\u00e4ben arrangiert. Es kann eben nicht sein, da\u00df wir keine Schweine mehr essen d\u00fcrfen weil die im Islam &#8222;unreine&#8220; Tiere sind. Wenn ich mir keinen Bart wachsen lassen will und keinen Turban tragen m\u00f6chte, dann ist das meine Sache und wenn eine Frau sich ganz normal europ\u00e4isch kleidet, ist das kein Grund diese zu beschimpfen.<\/p>\n<p>Aber hier hat die GIDA keine besondere Position. Es gilt f\u00fcr mich auch f\u00fcr jeden anderen Bereich, Gender &#8211; ged\u00f6ns finde ich nur erb\u00e4rmlich, den Kult um die gute Natur und den b\u00f6sen Menschen ist widerlich. Man wir sind pervers genug den Schwarzwald als Naturschutzgebiet zu deklarieren, wo gerade dieser nur so entstanden ist nur weil Menschen dort gewirtschaftet haben. Es g\u00e4be keine freien Fl\u00e4chen im Schwarzwald ohne die Eingriffe des Menschen !<\/p>\n<p>Kurz mir gefallen die Forderungen der Gidas nicht. Auch diese fordern staatliches Handeln um Ihre Welt zu besch\u00fctzen. Und genau da passe ich, ein Staat hat f\u00fcr mich genau maximal folgende Aufgaben.. Verteidigung nach innen und au\u00dfen, Eigentumsschutz, Anwendung des gleichen Rechts f\u00fcr alle. Ich wei\u00df wir sind davon weit sehr weit entfernt, spielt aber keine Rolle. Ich bin f\u00fcr die Einstampfung aller irgendwie diversen &#8222;Rechte&#8220; Ganz speziell darf es keine Unterscheidung zwischen \u00f6ffentlichem und Privatrecht mehr geben. Der Staat hat sich an die gleichen Gesetze zu halten wie jeder Private auch.<\/p>\n<p>Und hier mein Dank an PPQ, der es &#8222;mal wieder&#8220; super auf den Punkt bringt:<br \/>\nhttp:\/\/www.politplatschquatsch.com\/2015\/10\/bundesregierung-im-griff-von-pegida.html?utm_source=feedburner&#038;utm_medium=feed&#038;utm_campaign=Feed%3A+politplatschquatsch%2FSkVU+%28politplatschquatsch%29<\/p>\n<p>Wer PPQ nicht liest, liest garantiert das Falsche.<\/p>\n","protected":false},"excerpt":{"rendered":"<p>Sie wissen schon mein Blog \ud83d\ude09 Und auch ein bisschen mit als Beitrag zu: Feindbild weg: Pegida-Demonstranten sind keine Nazis Geschrieben im Mrz (mit leichten \u00c4nderungen hier noch mal gepostet) Mein vorl\u00e4ufiges Fazit zu den GIDA. Erst einmal kann ich mir einen kleinen Seitenhieb wegen dem Gegen nicht verkneifen. Die ganze Truppen hei\u00dfen xy gegen [&hellip;]<\/p>\n","protected":false},"author":1,"featured_media":0,"comment_status":"open","ping_status":"open","sticky":false,"template":"","format":"standard","meta":{"footnotes":""},"categories":[20],"tags":[4797,4798,4800,4799],"class_list":["post-2855","post","type-post","status-publish","format-standard","hentry","category-politik","tag-gida","tag-demonstartionen","tag-grundsaetze","tag-nicht-mein-ding"],"_links":{"self":[{"href":"https:\/\/www.q-software-solutions.de\/blog\/wp-json\/wp\/v2\/posts\/2855","targetHints":{"allow":["GET"]}}],"collection":[{"href":"https:\/\/www.q-software-solutions.de\/blog\/wp-json\/wp\/v2\/posts"}],"about":[{"href":"https:\/\/www.q-software-solutions.de\/blog\/wp-json\/wp\/v2\/types\/post"}],"author":[{"embeddable":true,"href":"https:\/\/www.q-software-solutions.de\/blog\/wp-json\/wp\/v2\/users\/1"}],"replies":[{"embeddable":true,"href":"https:\/\/www.q-software-solutions.de\/blog\/wp-json\/wp\/v2\/comments?post=2855"}],"version-history":[{"count":0,"href":"https:\/\/www.q-software-solutions.de\/blog\/wp-json\/wp\/v2\/posts\/2855\/revisions"}],"wp:attachment":[{"href":"https:\/\/www.q-software-solutions.de\/blog\/wp-json\/wp\/v2\/media?parent=2855"}],"wp:term":[{"taxonomy":"category","embeddable":true,"href":"https:\/\/www.q-software-solutions.de\/blog\/wp-json\/wp\/v2\/categories?post=2855"},{"taxonomy":"post_tag","embeddable":true,"href":"https:\/\/www.q-software-solutions.de\/blog\/wp-json\/wp\/v2\/tags?post=2855"}],"curies":[{"name":"wp","href":"https:\/\/api.w.org\/{rel}","templated":true}]}}