{"id":3492,"date":"2016-05-04T08:46:14","date_gmt":"2016-05-04T06:46:14","guid":{"rendered":"https:\/\/www.q-software-solutions.de\/blog\/?p=3492"},"modified":"2023-03-16T18:29:10","modified_gmt":"2023-03-16T17:29:10","slug":"schlimmer-wird-schwierig","status":"publish","type":"post","link":"https:\/\/www.q-software-solutions.de\/blog\/2016\/05\/schlimmer-wird-schwierig\/","title":{"rendered":"Schlimmer  &#8211; wird schwierig"},"content":{"rendered":"<p>Ich kann einfach nicht glauben was ich lesen &#8222;mu\u00df&#8220;:<\/p>\n<p>&#8222;Die Aufnahme von Fl\u00fcchtlingen k\u00f6nnte die Staatskassen bei einem Scheitern der <a class=\"\" href=\"http:\/\/www.zeit.de\/wirtschaft\/2016-04\/fluechtlinge-integration-anreize\" target=\"_blank\" rel=\"noopener\">Integration in den Arbeitsmarkt<\/a> langfristig mit insgesamt bis zu knapp 400 Milliarden Euro belasten. Das ist das Ergebnis einer <a class=\"\" href=\"http:\/\/www.boell.de\/de\/2016\/04\/27\/boellbrief-1-teilhabegesellschaft-gewinne-der-integration\" target=\"_blank\" rel=\"noopener\">aktuellen Studie<\/a> des Mannheimer Zentrums f\u00fcr Europ\u00e4ische Wirtschaftsforschung (ZEW) im Auftrag der Heinrich-B\u00f6ll-Stiftung. Wenn die Integration gelingt, profitiert die Allgemeinheit allerdings von zus\u00e4tzlichen Staatseinnahmen in H\u00f6he von 20 Milliarden Euro. Die Studie liegt ZEIT und ZEIT ONLINE exklusiv vor.&#8220;<\/p>\n<p>http:\/\/www.zeit.de\/wirtschaft\/2016-04\/fluechtlinge-arbeitsmarkt-integration-kosten-studie-zew<\/p>\n<p>Ich kann es einfach nicht fassen. Wie kann man denn noch etwas besch&#8230; schreiben. 400 Mrd langfristig (ok wird auf 20 Jahre beziffert) gegen 20 Mrd zus\u00e4tzliche Einnahmen (Zeitrahmen v\u00f6llig unbekannt)<\/p>\n<p>Gehen wir mal naiv daran und geben beidem eine Wahrscheinlichkeit von 50 % dann komme auf<\/p>\n<p>-0.5 * 400 + 0.5 * 20 = -190 Mrd Verlust durch die &#8222;Integration&#8220; oder halt fehlende.<\/p>\n<p>Ich habe leider keine Ahnung f\u00fcr welchen Zeitraum die 20 Mrd anfallen w\u00fcrden. Nehmen wir mal an j\u00e4hrliche Einnahmen dann kommen wir auf einen Erwartungswert von<\/p>\n<p>-0.5-\u00a0 * 400 + 0.5 * 20 * 20 = 0.<\/p>\n<p>Also maximal geht es sich zu Null aus aber wahrscheinlich machen wir einen deutlichen Verlust.<\/p>\n<p>Sie k\u00f6nnen es sich aussuchen. Ich kann Ihnen daf\u00fcr nichts anbieten weil diese Absatz so unglaublich schlecht geschrieben wurde. Wenn das Journalismus von heute ist, dann k\u00f6nnen wir wirklich die Lichter ausmachen.<\/p>\n<p>&nbsp;<\/p>\n<p>Tja und es wird direkt gelogen:<\/p>\n<p>&#8222;Die Studie liegt ZEIT und ZEIT ONLINE exklusiv vor.&#8220;<\/p>\n<p>Klickt man auf die Studie landet man hier: http:\/\/www.boell.de\/de\/2016\/04\/27\/boellbrief-1-teilhabegesellschaft-gewinne-der-integration Und das kann man sich die Studie runterladen. Von wegen exklusiv. Man halten die mich f\u00fcr so was von bescheuert.<\/p>\n<p>Fragen Sie besser nicht wie die auf 400 Mrd kommen. Werden wohl-\u00a0 irgendwelche Zahlen aus der Studie sein nur steht dort nicht einmal die Zahl 400.<\/p>\n<p>Sie k\u00f6nnen mit dem Artikel gar nichts anfangen sondern h\u00f6chstens selber einen Blick in die Studie werfen:<\/p>\n<p>Entscheidend scheint mir folgendes zu sein (aus der Studie direkt)<\/p>\n<p>&#8222;Die Nachhaltigkeit der \u00f6ffentlichen Haushalte<br \/>\nverbessert sich, wenn die Gefl\u00fcchteten im Mittel die fiskalische Leistungsf\u00e4higkeit<br \/>\nvon beruflich qualifizierten Einheimischen erreichen und der Integrationsprozess bis<br \/>\ndahin nicht viel mehr als zehn Jahre dauert.<br \/>\nIm Verh\u00e4ltnis zum zus\u00e4tzlichen \u00f6ffentlichen Finanzbedarf in Folge der Alterung der&#8220;<\/p>\n<p>Ich habe Ihnen dazu meine Sicht angeboten in der ich von der gleichen Qualifikation wie der derzeitige Schnitt der Ausl\u00e4nder als Grundlage ausgehe https:\/\/www.q-software-solutions.de\/blog\/2015\/11\/kein-selbstlaeufer\/<\/p>\n<p>Der richtige Hammer d\u00fcrfte dieser von der S 8 sein:<\/p>\n<p>&#8222;So k\u00f6nnen nach Angaben des N\u00fcrnberger Instituts f\u00fcr Arbeitsmarkt- und Berufsforschung<br \/>\n(IAB) von den sozialversicherungspflichtig Besch\u00e4ftigten und Erwerbslosen in Deutsch-<br \/>\nland, die aus von Krieg, B\u00fcrgerkrieg und politischer Verfolgung besonders betroffenen<br \/>\nAsylherkunftsl\u00e4ndern stammen, 71 Prozent keine abgeschlossene Berufsausbildung<br \/>\nvorweisen. Nur eine kleine Minderheit der derzeitigen Asylsuchenden hat nach \u00e2\u20ac\u201c aller-<br \/>\ndings nicht repr\u00e4sentativen \u00e2\u20ac\u201c Erhebungen des Bundesamts f\u00fcr Migration und Fl\u00fcchtlinge<br \/>\n(BAMF) eine Hochschule besucht.&#8220;<\/p>\n<p>D.h.-\u00a0 die Qualifikation ist weitaus schlechter als bei den Deutschen. Es sind zu mehr als 2\/3 ungelernte Arbeiter dazu noch die Szenarien die unterstellt werden (Studie S.9)<\/p>\n<p>&#8222;Deswegen rechnen die Budgetprojektionen des ZEW mit zwei Szenarien. In der g\u00fcnstigen<br \/>\nVariante wird eine Integrationsdauer von zehn Jahren unterstellt, in der ung\u00fcnstigen<br \/>\nVariante eine Integrationsdauer von zwanzig Jahren.<\/p>\n<p>Fazit im g\u00fcnstigsten Fall dauert es 8 Jahre f\u00fcr einen positiven Einluss auf den-\u00a0 Gesamthaushalt (siehe S. 9)<\/p>\n<p>Ich kann nur empfehlen die Studie direkt zu konsultieren. Was die Zeit daraus macht ist &#8211; leider &#8211; nur eine Schande.<\/p>\n<p>&nbsp;<\/p>\n<p>&nbsp;<\/p>\n<p>&nbsp;<\/p>\n","protected":false},"excerpt":{"rendered":"<p>Ich kann einfach nicht glauben was ich lesen &#8222;mu\u00df&#8220;: &#8222;Die Aufnahme von Fl\u00fcchtlingen k\u00f6nnte die Staatskassen bei einem Scheitern der Integration in den Arbeitsmarkt langfristig mit insgesamt bis zu knapp 400 Milliarden Euro belasten. Das ist das Ergebnis einer aktuellen Studie des Mannheimer Zentrums f\u00fcr Europ\u00e4ische Wirtschaftsforschung (ZEW) im Auftrag der Heinrich-B\u00f6ll-Stiftung. Wenn die Integration [&hellip;]<\/p>\n","protected":false},"author":1,"featured_media":0,"comment_status":"open","ping_status":"open","sticky":false,"template":"","format":"standard","meta":{"footnotes":""},"categories":[3974],"tags":[5163,5162],"class_list":["post-3492","post","type-post","status-publish","format-standard","hentry","category-allgemein","tag-geschaeft","tag-grottenschleicht"],"_links":{"self":[{"href":"https:\/\/www.q-software-solutions.de\/blog\/wp-json\/wp\/v2\/posts\/3492","targetHints":{"allow":["GET"]}}],"collection":[{"href":"https:\/\/www.q-software-solutions.de\/blog\/wp-json\/wp\/v2\/posts"}],"about":[{"href":"https:\/\/www.q-software-solutions.de\/blog\/wp-json\/wp\/v2\/types\/post"}],"author":[{"embeddable":true,"href":"https:\/\/www.q-software-solutions.de\/blog\/wp-json\/wp\/v2\/users\/1"}],"replies":[{"embeddable":true,"href":"https:\/\/www.q-software-solutions.de\/blog\/wp-json\/wp\/v2\/comments?post=3492"}],"version-history":[{"count":0,"href":"https:\/\/www.q-software-solutions.de\/blog\/wp-json\/wp\/v2\/posts\/3492\/revisions"}],"wp:attachment":[{"href":"https:\/\/www.q-software-solutions.de\/blog\/wp-json\/wp\/v2\/media?parent=3492"}],"wp:term":[{"taxonomy":"category","embeddable":true,"href":"https:\/\/www.q-software-solutions.de\/blog\/wp-json\/wp\/v2\/categories?post=3492"},{"taxonomy":"post_tag","embeddable":true,"href":"https:\/\/www.q-software-solutions.de\/blog\/wp-json\/wp\/v2\/tags?post=3492"}],"curies":[{"name":"wp","href":"https:\/\/api.w.org\/{rel}","templated":true}]}}