{"id":387,"date":"2013-10-29T08:11:00","date_gmt":"2013-10-29T08:11:00","guid":{"rendered":"http:\/\/www.q-software-solutions.de\/blog\/?p=387"},"modified":"2014-07-02T07:12:23","modified_gmt":"2014-07-02T07:12:23","slug":"unkorrekt","status":"publish","type":"post","link":"https:\/\/www.q-software-solutions.de\/blog\/2013\/10\/unkorrekt\/","title":{"rendered":"Unkorrekt"},"content":{"rendered":"<p>tut aber auch mir gut:<\/p>\n<div style=\"border: 0px; box-sizing: border-box; color: #333333; font-family: 'Noto serif', serif; font-size: 13px; line-height: 21px; margin-bottom: 15px; margin-left: 63px; margin-top: 15px; outline: 0px; padding: 12px 0px 0px; text-align: left; vertical-align: baseline; width: 474px;\">Die Menschen werden immer d\u00fcmmer, denn in den Schulen wird nicht das unterrichtet, was man wissen muss, sondern nur das, was man wissen darf.&nbsp;<span style=\"border: 0px; box-sizing: border-box; margin: 0px; outline: 0px; padding: 0px; vertical-align: baseline;\"><\/span>Nur selten in der Vergangenheit waren die Menschen so sehr durch Propaganda verdummt (siehe Wahlergebnis). Menschen sind keine Schwarm- sondern Rudeltiere. Alleine und im Rudel sind sie intelligent aber in der Masse sind sie dumm!<\/div>\n<ul style=\"border: 0px; box-sizing: border-box; color: #333333; font-family: 'Noto serif', serif; font-size: 13px; line-height: 21px; list-style: none; margin: 0px; outline: 0px; padding: 0px; text-align: left; vertical-align: baseline;\">\n<li style=\"border: 0px; box-sizing: border-box; list-style: square; margin: 0px 0px 5px 42px; outline: 0px; padding: 0px; vertical-align: baseline;\">Dumme Menschen sind wegen NSA und \u00dcberwachung emp\u00f6rt; w\u00e4hlen aber trotzdem die CDU.<\/li>\n<li style=\"border: 0px; box-sizing: border-box; list-style: square; margin: 0px 0px 5px 42px; outline: 0px; padding: 0px; vertical-align: baseline;\">Dumme Menschen haben SPD gew\u00e4hlt und damit Merkel. Sie verstehen den Zusammenhang nicht.<\/li>\n<li style=\"border: 0px; box-sizing: border-box; list-style: square; margin: 0px 0px 5px 42px; outline: 0px; padding: 0px; vertical-align: baseline;\">Dumme Menschen regen sich \u00fcber SEPA und andere EU-Gesetze auf, w\u00e4hlen aber die CDU-Blockpartei.<\/li>\n<li style=\"border: 0px; box-sizing: border-box; list-style: square; margin: 0px 0px 5px 42px; outline: 0px; padding: 0px; vertical-align: baseline;\">Dumme Menschen schlie\u00dfen bei Provisionsgeiern auf Vertrauensbasis Vertr\u00e4ge ab, die ihnen schaden.<\/li>\n<li style=\"border: 0px; box-sizing: border-box; list-style: square; margin: 0px 0px 5px 42px; outline: 0px; padding: 0px; vertical-align: baseline;\">Dumme Menschen lesen ihre Post nicht. Sie sind Spielball von Beh\u00f6rden, Banken und Organisationen.<\/li>\n<li style=\"border: 0px; box-sizing: border-box; list-style: square; margin: 0px 0px 5px 42px; outline: 0px; padding: 0px; vertical-align: baseline;\">Dumme Menschen schauen \u00e2\u20ac\u0153RTL2\u00e2\u20ac\u00b3 (stellvertretend f\u00fcr TrashTV) und interessieren sich nicht f\u00fcr das wahre Leben.<\/li>\n<li style=\"border: 0px; box-sizing: border-box; list-style: square; margin: 0px 0px 5px 42px; outline: 0px; padding: 0px; vertical-align: baseline;\">Dumme Menschen bringen samstags um halb elf ihr Leergut weg. Dabei regen sie sich auf, dass die Warteschlage so lang ist.<\/li>\n<li style=\"border: 0px; box-sizing: border-box; list-style: square; margin: 0px 0px 5px 42px; outline: 0px; padding: 0px; vertical-align: baseline;\">Dumme Menschen fordern mehr Lohn statt mehr Kaufkraft, weil sie den Zusammenhang nicht verstehen.<\/li>\n<li style=\"border: 0px; box-sizing: border-box; list-style: square; margin: 0px 0px 5px 42px; outline: 0px; padding: 0px; vertical-align: baseline;\">Dumme Menschen denken nur, dass sie denken, aber die denken nicht wirklich.<\/li>\n<li style=\"border: 0px; box-sizing: border-box; list-style: square; margin: 0px 0px 5px 42px; outline: 0px; padding: 0px; vertical-align: baseline;\">Dumme Menschen nennen ihre F\u00fchrerin liebevoll \u00e2\u20ac\u0153Mutti\u00e2\u20ac\u009d, obwohl diese \u00e2\u20ac\u0153Frau\u00e2\u20ac\u009d nicht mal Kinder hat.<\/li>\n<li style=\"border: 0px; box-sizing: border-box; list-style: square; margin: 0px 0px 5px 42px; outline: 0px; padding: 0px; vertical-align: baseline;\">Dumme Menschen steigen in Regionalz\u00fcgen immer in den ersten Wagon und m\u00fcssen sich dann durch Gep\u00e4ck und Fahrr\u00e4der k\u00e4mpfen.<\/li>\n<li style=\"border: 0px; box-sizing: border-box; list-style: square; margin: 0px 0px 5px 42px; outline: 0px; padding: 0px; vertical-align: baseline;\">Dumme Menschen denken \u00f6konomische Wagnisse seien sch\u00e4dlich und wollen Spekulationen verbieten.<\/li>\n<li style=\"border: 0px; box-sizing: border-box; list-style: square; margin: 0px 0px 5px 42px; outline: 0px; padding: 0px; vertical-align: baseline;\">Dumme Menschen denken Angela Merkel h\u00e4tte die Eurokrise gel\u00f6st, obwohl sie einfach nur mehr Schulden gemacht hat.<\/li>\n<li style=\"border: 0px; box-sizing: border-box; list-style: square; margin: 0px 0px 5px 42px; outline: 0px; padding: 0px; vertical-align: baseline;\">Dumme Menschen denken seit den 70er Jahren, dass das \u00d6l zur Neige geht. Nun sind wir schon 3 Jahre hinter dem damals prognostizierten \u00e2\u20ac\u0153Punkt Null\u00e2\u20ac\u009d und f\u00f6rdern mehr als jemals zuvor.<\/li>\n<li style=\"border: 0px; box-sizing: border-box; list-style: square; margin: 0px 0px 5px 42px; outline: 0px; padding: 0px; vertical-align: baseline;\">Dumme Menschen glauben alles, was in den Drecksmedien kommt, auch wenn es sich um L\u00fcgen handelt.<\/li>\n<li style=\"border: 0px; box-sizing: border-box; list-style: square; margin: 0px 0px 5px 42px; outline: 0px; padding: 0px; vertical-align: baseline;\">Dumme Menschen bezahlen Kreditzinsen f\u00fcr 7 Tage die Woche; gehen aber nur an 5 Tagen die Woche daf\u00fcr arbeiten.<\/li>\n<li style=\"border: 0px; box-sizing: border-box; list-style: square; margin: 0px 0px 5px 42px; outline: 0px; padding: 0px; vertical-align: baseline;\">Dumme Menschen fahren mit dem Fahrrad auf Radwegen stets in der Mitte. Wenn man sie dann gef\u00e4hrlich \u00fcberholt erschrecken sie.<\/li>\n<li style=\"border: 0px; box-sizing: border-box; list-style: square; margin: 0px 0px 5px 42px; outline: 0px; padding: 0px; vertical-align: baseline;\">Dumme Menschen haben Kinder, die in z.B. Superm\u00e4rkten so lange laut schreien, bis sie bekommen, was sie wollen.<\/li>\n<li style=\"border: 0px; box-sizing: border-box; list-style: square; margin: 0px 0px 5px 42px; outline: 0px; padding: 0px; vertical-align: baseline;\">Dumme Menschen denken, das EU-Reich w\u00e4re besser als die EU und w\u00e4hlen deshalb die CDU-Blockpartei.<\/li>\n<li style=\"border: 0px; box-sizing: border-box; list-style: square; margin: 0px 0px 5px 42px; outline: 0px; padding: 0px; vertical-align: baseline;\">Dumme Menschen denken, dass Eurokritiker automatisch gegen Europa seien.<\/li>\n<li style=\"border: 0px; box-sizing: border-box; list-style: square; margin: 0px 0px 5px 42px; outline: 0px; padding: 0px; vertical-align: baseline;\">Dumme Menschen denken, dass EU-Kritiker rechtsradikale Spinner seien. Die meisten \u00e2\u20ac\u0153NEIN-\u00b4s\u00e2\u20ac\u009d im Bundestag zum EU-Reich kamen von den LINKEN!<\/li>\n<li style=\"border: 0px; box-sizing: border-box; list-style: square; margin: 0px 0px 5px 42px; outline: 0px; padding: 0px; vertical-align: baseline;\">Dumme Menschen schauen eigentlich nur private TV-Sender, bezahlen aber anstandslos die Propaganda-Abgabe.<\/li>\n<li style=\"border: 0px; box-sizing: border-box; list-style: square; margin: 0px 0px 5px 42px; outline: 0px; padding: 0px; vertical-align: baseline;\">Dumme Menschen denken, der Staat braucht mehr Steuereinnahmen um Stra\u00dfen und Kitas zu bauen.<\/li>\n<li style=\"border: 0px; box-sizing: border-box; list-style: square; margin: 0px 0px 5px 42px; outline: 0px; padding: 0px; vertical-align: baseline;\">Dumme Menschen wissen nicht, dass der drittgr\u00f6\u00dfte Ausgabenposten des Bundes ZINSEN sind. Wenn der Leit(d)zins steigt, dann trifft uns das schmerzlich.<\/li>\n<li style=\"border: 0px; box-sizing: border-box; list-style: square; margin: 0px 0px 5px 42px; outline: 0px; padding: 0px; vertical-align: baseline;\">Dumme Menschen denken ein Risiko sei weg, nur weil man es nicht mehr sieht.<\/li>\n<li style=\"border: 0px; box-sizing: border-box; list-style: square; margin: 0px 0px 5px 42px; outline: 0px; padding: 0px; vertical-align: baseline;\">Dumme Menschen bekommen die Regierung, die sie verdienen.<\/li>\n<li style=\"border: 0px; box-sizing: border-box; list-style: square; margin: 0px 0px 5px 42px; outline: 0px; padding: 0px; vertical-align: baseline;\">Dumme Menschen denken sie w\u00fcrden aus Berlin regiert.<\/li>\n<\/ul>\n<div style=\"text-align: left;\"><span style=\"color: #333333; font-family: Noto serif, serif; font-size: x-small;\"><span style=\"line-height: 21px;\">Mu\u00dfte ich komplett zitieren. &nbsp;Von mit zitiert von:<\/span><\/span><\/div>\n<div style=\"text-align: left;\">http:\/\/www.freiewelt.net\/dumme-menschen-10014359\/<\/div>\n<div style=\"text-align: left;\"><\/div>\n<div>Offenbar bin ich einfach nicht dumm genug. Den ich habe die CDU und andere Blockparteien nicht gew\u00e4hlt. Und mit dem was von mir geschrieben wurde, kann ich beweisen, da\u00df ich das alles als ziemlich dumm kritisiert habe. Ich wei\u00df n\u00fctzt nichts, genauso relevant wie der Sack Reis in China der umf\u00e4llt.<\/p>\n<p>Freundlicherweise hat hier ein &#8222;staatsloser B\u00fcrger&#8220; gepostet und zwar einen Link auf was es vielleicht ist wenn es Dummheit nicht ist.<br \/><span style=\"background-color: #fff9ee; color: #222222; font-family: Georgia, Utopia, 'Palatino Linotype', Palatino, serif; font-size: 14px; line-height: 19px;\">http:\/\/liberalerfaschismus.wordpress.com\/2013\/10\/31\/die-deutschen-opfer-des-pragmatismus-i\/<\/span><br \/><span style=\"background-color: #fff9ee; color: #222222; font-family: Georgia, Utopia, 'Palatino Linotype', Palatino, serif; font-size: 14px; line-height: 19px;\"><br \/><\/span><span style=\"color: #222222; font-family: Georgia, Utopia, Palatino Linotype, Palatino, serif;\"><span style=\"font-size: 14px; line-height: 19px;\">Das w\u00e4re auch eine &#8222;Alternative&#8220; beim&nbsp;<\/span><\/span>staatsloser B\u00fcrger<span style=\"color: #222222; font-family: Georgia, Utopia, Palatino Linotype, Palatino, serif;\"><span style=\"font-size: 14px; line-height: 19px;\">&nbsp;kann der B\u00fcrger etwas &#8222;dazu&#8220;. &nbsp;Bei wirklich Dummen wei\u00df man nicht ob die wirklich etwas einfach nicht k\u00f6nnen. Und schon gar nicht Einflu\u00df auf Ihre Dummheit nehmen. Ich glaube aber pers\u00f6nlich, da\u00df es richtig Dumme genauso selten gibt wie &#8222;richtig&#8220; Intelligente. Es gibt aber sicherlich eine Reihe Leute die zumindest theoretisch \u00fcber Dinge nachdenken k\u00f6nnen. Aus unerfindlichen Gr\u00fcnden scheint es aber ein Denkverbot zu geben wenn es denn um die Ausbeutung durch Staaten geht. Sind wir Opfer oder T\u00e4ter? Nun ich wei\u00df nicht was ich machen k\u00f6nnte um mich dem umgebenden Staatssystem entziehen zu k\u00f6nnen, ich denke hier gilt einfach &#8222;mitgefangen, mitgehangen&#8220;.&nbsp;<\/span><\/span><br \/><span style=\"color: #222222; font-family: Georgia, Utopia, Palatino Linotype, Palatino, serif;\"><span style=\"font-size: 14px; line-height: 19px;\"><br \/><\/span><\/span><span style=\"color: #222222; font-family: Georgia, Utopia, Palatino Linotype, Palatino, serif;\"><span style=\"font-size: 14px; line-height: 19px;\">Was aber wenn wie alphachamber schreibt:<\/span><\/span><br \/>&#8222;Die einfachen Formeln lauten: Sozial+Gleichheit=Moralit\u00e4t, Vernunft+rationale Argumente=Faschismus. \u00e2\u20ac\u0153Rationalit\u00e4t\u00e2\u20ac\u009d und \u00e2\u20ac\u0153Vernunft\u00e2\u20ac\u009d werden zu Werkzeuge rechter Intoleranz erkl\u00e4rt und durch Begriffe sozialer Anpassung ersetzt.&#8220;<\/div>\n<div><\/div>\n<div>Werden dann nicht zumindest so gut wie alle Parlamentatier die eigentlichen Gesinnunsgenossen aka Faschisten. Was wenn die Vernunft nicht&#8217;s mehr gilt? Was wenn wir uns in unlogischen Argumentationen versteigen. Eben schlicht wieder die Volksgesinnung als &#8222;Ma\u00dfstab&#8220; einf\u00fchren. Was soll dann passieren? Ich kann da nur eine Katastrophe sehen, und leider ist dies Katastrophe mal &#8222;wieder&#8220; weltweit kaum zu \u00fcbersehen. Was angebliche Rechtsstaaten inzwischen alles an Rechtsbr\u00fcchen begangen haben, geht schon nicht mehr auf die ber\u00fchmte Kuhhaut.&nbsp;<\/div>\n<div><\/div>\n<div>Wenn aber alphachamber recht haben sollte, was ist dann mit dem Rest an vern\u00fcnftigen und an logischen Argumenten interessierten? Wird alphachamber hierauf eine Antwort geben k\u00f6nnen? Lesen Sie einfach dort vorbei und fragen sich. Wo stehen wir und wo stehe ich&#8230;..<\/div>\n<div><\/div>\n<div><\/div>\n","protected":false},"excerpt":{"rendered":"<p>tut aber auch mir gut: Die Menschen werden immer d\u00fcmmer, denn in den Schulen wird nicht das unterrichtet, was man wissen muss, sondern nur das, was man wissen darf.&nbsp;Nur selten in der Vergangenheit waren die Menschen so sehr durch Propaganda verdummt (siehe Wahlergebnis). Menschen sind keine Schwarm- sondern Rudeltiere. Alleine und im Rudel sind sie [&hellip;]<\/p>\n","protected":false},"author":1,"featured_media":0,"comment_status":"open","ping_status":"open","sticky":false,"template":"","format":"standard","meta":{"footnotes":""},"categories":[3974],"tags":[],"class_list":["post-387","post","type-post","status-publish","format-standard","hentry","category-allgemein"],"_links":{"self":[{"href":"https:\/\/www.q-software-solutions.de\/blog\/wp-json\/wp\/v2\/posts\/387","targetHints":{"allow":["GET"]}}],"collection":[{"href":"https:\/\/www.q-software-solutions.de\/blog\/wp-json\/wp\/v2\/posts"}],"about":[{"href":"https:\/\/www.q-software-solutions.de\/blog\/wp-json\/wp\/v2\/types\/post"}],"author":[{"embeddable":true,"href":"https:\/\/www.q-software-solutions.de\/blog\/wp-json\/wp\/v2\/users\/1"}],"replies":[{"embeddable":true,"href":"https:\/\/www.q-software-solutions.de\/blog\/wp-json\/wp\/v2\/comments?post=387"}],"version-history":[{"count":0,"href":"https:\/\/www.q-software-solutions.de\/blog\/wp-json\/wp\/v2\/posts\/387\/revisions"}],"wp:attachment":[{"href":"https:\/\/www.q-software-solutions.de\/blog\/wp-json\/wp\/v2\/media?parent=387"}],"wp:term":[{"taxonomy":"category","embeddable":true,"href":"https:\/\/www.q-software-solutions.de\/blog\/wp-json\/wp\/v2\/categories?post=387"},{"taxonomy":"post_tag","embeddable":true,"href":"https:\/\/www.q-software-solutions.de\/blog\/wp-json\/wp\/v2\/tags?post=387"}],"curies":[{"name":"wp","href":"https:\/\/api.w.org\/{rel}","templated":true}]}}