{"id":3887,"date":"2016-09-13T11:42:24","date_gmt":"2016-09-13T09:42:24","guid":{"rendered":"https:\/\/www.q-software-solutions.de\/blog\/?p=3887"},"modified":"2016-09-13T16:40:42","modified_gmt":"2016-09-13T14:40:42","slug":"jammern","status":"publish","type":"post","link":"https:\/\/www.q-software-solutions.de\/blog\/2016\/09\/jammern\/","title":{"rendered":"Jammern"},"content":{"rendered":"<p>Na wer sagt&#8217;s denn?<\/p>\n<p>Geht doch:<\/p>\n<p>http:\/\/www.danisch.de\/blog\/2016\/09\/10\/fehlgeleitete-schwaermer-deren-hobby-zu-finanzieren-ist\/<\/p>\n<p>Dazu fand ich dann beim &#8222;Original&#8220; eine fantastische Antwort Ich zitiere die komplett:<\/p>\n<p>Siehe:<\/p>\n<p><strong>Wider die Neoliberale Folter<\/strong><br \/>\nWer mit 30 eine Daueranstellung an der Universit\u00e4t beansprucht, zeigt damit seine Abneigung gegen die Erbringung einer der, von ihm selbst beanspruchten, intellektuellen F\u00fchrungsposition ad\u00e4quaten Spitzenleistung: welcher Geisteswissenschaftler kann mit 30 schon \u00fcber die Promotion deutlich hinausgehende Forschungsleistungen vorweisen? Tats\u00e4chlich haben die allermeisten ihr 30. Lebensjahr zum Zeitpunkt der Promotion schon (l\u00e4ngst) beendet, womit dies zur Forderung degeneriert, die Promotion zur Qualifikation f\u00fcr lebenslange staatliche Anstellung umzuwandeln (zumindest f\u00fcr all diejenigen, die eine T\u00e4tigkeit au\u00dferhalb des akademischen Elfenbeinturms als Zumutung ansehen) \u00e2\u20ac\u00a6<\/p>\n<p>Das vom Autor vorgestellt Modell ist somit nichts anderes, als die Einrichtung einer staatlichen Beh\u00f6rde f\u00fcr geisteswissenschaftliche Fragestellungen: Mit der Promotion als Beamtenlaufbahnszugangsqualifikation, wohl dotierten und quantitativ \u00fcppig fixierten Planstellen, nat\u00fcrlich im Gegensatz zum gew\u00f6hnlichen (weil intellektuell nicht elit\u00e4ren) Beamten mit dem akademisch \u00fcblichen Deputat zu 50% gewidmet der freien, selbstgew\u00e4hlten Forschung.<\/p>\n<p>Als ehemaliger Wissenschaftlicher Angestellter kann ich durchaus verstehen, dass dem Autor eine solchen Einrichtung gut gefallen w\u00fcrde. Dass solche Vorstellungen in akademischen Kreisen eine gr\u00f6\u00dfere Anh\u00e4ngerschaft haben, kann ich aus derselben Erfahrung bzgl. des allgemein dominierenden Gesellschaftsbild an deutschen Universit\u00e4ten ebenso gut vorstellen. Und dass dem Autor dabei die freiwillig erbrachten, unentgeltlichen Leistungen von Experten aus anderen Bereichen der Gesellschaft, deren Vordenkerschaft in \u00e2\u20ac\u0161Menschlichen\u00e2\u20ac\u02dc Fragestellungen unser Autor f\u00fcr sich in Anspruch nimmt, dabei ganz \u00fcbel aufsto\u00dfen, ist f\u00fcr mich ebenfalls keine \u00dcberraschung, finden doch die hehren Anspr\u00fcche gesellschaftlichen Engagements regelm\u00e4\u00dfig ihre Grenzen dort, wo sie mit den eigenen pekuni\u00e4ren Interessen kollidieren.<\/p>\n<p>Besser und sachlicher und nicht wiederlegbar: http:\/\/blogs.faz.net\/blogseminar\/geisteswissenschaften-als-staatsaufgabe\/comment-page-2\/#comment-699.<\/p>\n<p>Da ich selbstverst\u00e4ndlich diese Sache einseitig sehe, m\u00fcssen Sie sich schon selbst bem\u00fchen herauszufinden was dort so alles geantwortet wird: Hier der Link: http:\/\/blogs.faz.net\/blogseminar\/geisteswissenschaften-als-staatsaufgabe\/<\/p>\n<p>Mir f\u00e4llt insgesamt nur ein Wort ein mit dem man das ausreichend beschreiben kann: Vermessenheit.<\/p>\n<p>Eine Lili macht das auch sehr gut: http:\/\/blogs.faz.net\/blogseminar\/geisteswissenschaften-als-staatsaufgabe\/comment-page-2\/#comment-691<\/p>\n","protected":false},"excerpt":{"rendered":"<p>Na wer sagt&#8217;s denn? Geht doch: http:\/\/www.danisch.de\/blog\/2016\/09\/10\/fehlgeleitete-schwaermer-deren-hobby-zu-finanzieren-ist\/ Dazu fand ich dann beim &#8222;Original&#8220; eine fantastische Antwort Ich zitiere die komplett: Siehe: Wider die Neoliberale Folter Wer mit 30 eine Daueranstellung an der Universit\u00e4t beansprucht, zeigt damit seine Abneigung gegen die Erbringung einer der, von ihm selbst beanspruchten, intellektuellen F\u00fchrungsposition ad\u00e4quaten Spitzenleistung: welcher Geisteswissenschaftler kann mit [&hellip;]<\/p>\n","protected":false},"author":1,"featured_media":0,"comment_status":"open","ping_status":"open","sticky":false,"template":"","format":"standard","meta":{"footnotes":""},"categories":[3974],"tags":[5399,5400,4541],"class_list":["post-3887","post","type-post","status-publish","format-standard","hentry","category-allgemein","tag-anspruch","tag-geisteswissenschaftler","tag-geld"],"_links":{"self":[{"href":"https:\/\/www.q-software-solutions.de\/blog\/wp-json\/wp\/v2\/posts\/3887","targetHints":{"allow":["GET"]}}],"collection":[{"href":"https:\/\/www.q-software-solutions.de\/blog\/wp-json\/wp\/v2\/posts"}],"about":[{"href":"https:\/\/www.q-software-solutions.de\/blog\/wp-json\/wp\/v2\/types\/post"}],"author":[{"embeddable":true,"href":"https:\/\/www.q-software-solutions.de\/blog\/wp-json\/wp\/v2\/users\/1"}],"replies":[{"embeddable":true,"href":"https:\/\/www.q-software-solutions.de\/blog\/wp-json\/wp\/v2\/comments?post=3887"}],"version-history":[{"count":0,"href":"https:\/\/www.q-software-solutions.de\/blog\/wp-json\/wp\/v2\/posts\/3887\/revisions"}],"wp:attachment":[{"href":"https:\/\/www.q-software-solutions.de\/blog\/wp-json\/wp\/v2\/media?parent=3887"}],"wp:term":[{"taxonomy":"category","embeddable":true,"href":"https:\/\/www.q-software-solutions.de\/blog\/wp-json\/wp\/v2\/categories?post=3887"},{"taxonomy":"post_tag","embeddable":true,"href":"https:\/\/www.q-software-solutions.de\/blog\/wp-json\/wp\/v2\/tags?post=3887"}],"curies":[{"name":"wp","href":"https:\/\/api.w.org\/{rel}","templated":true}]}}