{"id":4298,"date":"2017-01-04T11:39:26","date_gmt":"2017-01-04T10:39:26","guid":{"rendered":"https:\/\/www.q-software-solutions.de\/blog\/?p=4298"},"modified":"2023-03-16T18:38:40","modified_gmt":"2023-03-16T17:38:40","slug":"ziehe-ich-mal-aus-den-kommentaren-raus-2","status":"publish","type":"post","link":"https:\/\/www.q-software-solutions.de\/blog\/2017\/01\/ziehe-ich-mal-aus-den-kommentaren-raus-2\/","title":{"rendered":"Ziehe ich mal aus den Kommentaren raus"},"content":{"rendered":"<p>von-\u00a0 mir selber unter: https:\/\/www.q-software-solutions.de\/blog\/2016\/12\/deutschland-unter-schock\/<\/p>\n<p>Normalerweise freut man sich wenn man etwas richtig gemacht oder vorhergesehen hatte. Ich gebe zu ich mu\u00df mir \u00e2\u20ac\u201c leider \u00e2\u20ac\u201c eine gewisse Schadenfreude zusprechen. Aber in erster Linie bin ich entsetzt, wie ich das \u00e2\u20ac\u201c wieder leider \u00e2\u20ac\u201c vorhergesehen habe.<\/p>\n<p>Was ich meinte habe ich auf dem PDV Forum geschrieben. Hier zur Wiederholung:<br \/>\nmeine pers\u00f6nliche Meinung:<br \/>\nBenjamin Franklin hatte recht.<\/p>\n<p>Ich wei\u00df es h\u00f6rt sich wom\u00f6glich wie Hohn an ist aber so nicht gemeint. Wer mein Blog besuchen mag <a href=\"https:\/\/www.q-software-solutions.de\/blog\" rel=\"nofollow\">https:\/\/www.q-software-solutions.de\/blog<\/a>, der wird feststellen ich habe gewarnt. Speziell auch vor Kriegen und B\u00fcrgerkriegen. Ich wollte damit NIE recht bekommen, leider habe ich es aber behalten.<\/p>\n<p>Fakten sind nun einmal. MIt &gt; 90 % -iger Wahrschcheinlichkeit haben die W\u00e4hlter unter den Opfern immer wieder die bestehenden Parteien gew\u00e4hlt und immer und immer wieder wurden massive Eingriffe in die Freiheit und das Eigentum (was im Grunde fast Synonyme sind) begangen unter dem Applaus oder stillen Billigung eben auch der W\u00e4hler. <a href=\"https:\/\/www.q-software-solutions.de\/blog\/?s=b%C3%BCrgerkrieg\" rel=\"nofollow\">https:\/\/www.q-software-solutions.de\/blog\/?s=b%C3%BCrgerkrieg<\/a><\/p>\n<p>Die alternativlose Politik fordert Ihre Opfer.<\/p>\n<p>Ja der Terror w\u00e4re vielleicht auch zu so zu uns gekommen nur f\u00f6rdern mu\u00df man es ja nicht. Nur was macht denn die NATO voran gerade die USA aber auch Frankreich? Kriege f\u00fchren. Wie kann man erwarten, da\u00df der Krieg dann nicht auch zu uns kommt?<\/p>\n<p>Wie oft hatte ich nach 9\/11 gewarnt. Ich schrieb: Man hat JEDES Recht auf Selbstverteidigung aber was die USA seit dem machen hat mit Selbstverteidigung nicht zu tun. Die USA werden eben NICHT im nahen Osten verteidigt- genauso wenig wie unsere Demokratie am Bosporus O-Ton irgendein Delebet.<\/p>\n<p>Die wiederholten Gesetzesbr\u00fcche auch unsere Politiker tragen ebenfalls Ihre Fr\u00fcchte. Manche Leute werden f\u00fcr etwas eingesperrt (Hoeness) andere werden vom Gericht f\u00fcr schlimmere Sachen frei gesprochen (La Garde). Weiter Terrorma\u00dfnahmen durch Politiker kann man in Venezuela, Indien finden.<\/p>\n<p>Die Geschichte mit den Fl\u00fcchtlingen und deren Kriminalit\u00e4t habe ich hier festgehalten: <a href=\"http:\/\/www.freiewelt.net\/blog\/fluechtlin%E2%80%A6itaet-10069458\/\" rel=\"nofollow\">http:\/\/www.freiewelt.net\/blog\/fluechtlin\u00e2\u20ac\u00a6itaet-10069458\/<\/a><\/p>\n<p>Ich habe auch gewarnt, da\u00df man so nicht die Zuwanderung organisieren kann, speziell ein Sozialstaat mu\u00df daran scheitern. Und auch hier hatte ich gewarnt:https:\/\/www.q-software-solutions.de\/blog\u00e2\u20ac\u00a6lbstl%C3%A4ufer<\/p>\n<p>Jetzt war irgendwo jemand vom Arbeitsamt und stellte fest das man wohl nur f\u00fcr die H\u00e4lfte in 10 \u00e2\u20ac\u201c 20 Jahren was machen kann. Wie sieht die Realit\u00e4t aus:<br \/>\nhttp:\/\/www.faz.net\/aktuell\/wirtschaft\/wi\u00e2\u20ac\u00a6e-14413985.html<\/p>\n<p>http:\/\/www.faz.net\/aktuell\/wirtschaft\/un\u00e2\u20ac\u00a6n-14322168.html<\/p>\n<p>Soll ich dar\u00fcber schadenfroh sein? Leider kann ich mir ein schmieriges gequ\u00e4ltes Grinsen nicht verknfeifen. Verdammt ich bin sicher kein Hellseher aber das war tats\u00e4chlich f\u00fcr mich sonnenklar.<\/p>\n<p>Die Opfer in Berlin waren nicht die ersten und werden bei weitem nicht die Letzten sein. Ich warne noch mal vor kommenden B\u00fcrgerkriegen. Wird unser Staat weiterhin die Freiheiten beschreiben bleiben am Ende nur Terroristen \u00fcbrig. :dash:<\/p>\n<p>Ich sch\u00e4me mich in gewisser Weise \u00fcber meine Genugtuung. Gewarnt verlacht, mehr gewant und dann als #wutb\u00fcrger, #packe etc diffamiert worden.<\/p>\n<p>Der Terror w\u00e4re sicher bei uns angekommen. Die RAF existierte ja schlie\u00dflich auch einmal, das mit dem NSU ist eine Farce. Wenn da 10 % Wahres dran sind dann ist es schon viel. Was unsere \u00e2\u20ac\u017eNachrichten\u00e2\u20ac\u0153dienste angeht, mu\u00df man -\u00b4davon ausgehen die Gestapo und Stasi lebt.<\/p>\n<p>Ich gehe auch davon aus, da\u00df diese Attentate den aktuellen Politikern nur allzu gelegen kommen. Sie versagen auf ganzer Linie aber hiermit kann man wunderbar ablenken und noch mehr Macht auf sich vereinen..<\/p>\n<p>Wie geschrieben, ich bin w\u00fctend und was mich eben auch so w\u00fctend macht \u00e2\u20ac\u201c hilflos. Ganz ehrlich f\u00fcrchte ich mich kein bisschen vor Terror wie von den IS-Terroristen, oder auch nur einer kleineren Gruppe, Sondern meine Furcht besteht (fast) ausschlie\u00dflich vor unseren Delebets und deren Angestellten.<\/p>\n<p>Wer hat denn die ganzen Schlachtereien der letzten 100 Jahre angezettelt? Kleine Gruppen oder Staaten? \u00e2\u20ac\u201c und da soll ich mehr Angst vor den Ersteren als den Letzteren haben?<\/p>\n","protected":false},"excerpt":{"rendered":"<p>von-\u00a0 mir selber unter: https:\/\/www.q-software-solutions.de\/blog\/2016\/12\/deutschland-unter-schock\/ Normalerweise freut man sich wenn man etwas richtig gemacht oder vorhergesehen hatte. Ich gebe zu ich mu\u00df mir \u00e2\u20ac\u201c leider \u00e2\u20ac\u201c eine gewisse Schadenfreude zusprechen. Aber in erster Linie bin ich entsetzt, wie ich das \u00e2\u20ac\u201c wieder leider \u00e2\u20ac\u201c vorhergesehen habe. Was ich meinte habe ich auf dem PDV Forum [&hellip;]<\/p>\n","protected":false},"author":1,"featured_media":0,"comment_status":"open","ping_status":"open","sticky":false,"template":"","format":"standard","meta":{"footnotes":""},"categories":[555],"tags":[5623,4551,5622,5624],"class_list":["post-4298","post","type-post","status-publish","format-standard","hentry","category-delebets","tag-bedauern","tag-deutschland","tag-leider","tag-recht-behalten"],"_links":{"self":[{"href":"https:\/\/www.q-software-solutions.de\/blog\/wp-json\/wp\/v2\/posts\/4298","targetHints":{"allow":["GET"]}}],"collection":[{"href":"https:\/\/www.q-software-solutions.de\/blog\/wp-json\/wp\/v2\/posts"}],"about":[{"href":"https:\/\/www.q-software-solutions.de\/blog\/wp-json\/wp\/v2\/types\/post"}],"author":[{"embeddable":true,"href":"https:\/\/www.q-software-solutions.de\/blog\/wp-json\/wp\/v2\/users\/1"}],"replies":[{"embeddable":true,"href":"https:\/\/www.q-software-solutions.de\/blog\/wp-json\/wp\/v2\/comments?post=4298"}],"version-history":[{"count":0,"href":"https:\/\/www.q-software-solutions.de\/blog\/wp-json\/wp\/v2\/posts\/4298\/revisions"}],"wp:attachment":[{"href":"https:\/\/www.q-software-solutions.de\/blog\/wp-json\/wp\/v2\/media?parent=4298"}],"wp:term":[{"taxonomy":"category","embeddable":true,"href":"https:\/\/www.q-software-solutions.de\/blog\/wp-json\/wp\/v2\/categories?post=4298"},{"taxonomy":"post_tag","embeddable":true,"href":"https:\/\/www.q-software-solutions.de\/blog\/wp-json\/wp\/v2\/tags?post=4298"}],"curies":[{"name":"wp","href":"https:\/\/api.w.org\/{rel}","templated":true}]}}