{"id":453,"date":"2013-09-18T04:51:00","date_gmt":"2013-09-18T04:51:00","guid":{"rendered":"http:\/\/www.q-software-solutions.de\/blog\/?p=453"},"modified":"2014-07-02T07:12:36","modified_gmt":"2014-07-02T07:12:36","slug":"manches-verstehe-ich-nicht","status":"publish","type":"post","link":"https:\/\/www.q-software-solutions.de\/blog\/2013\/09\/manches-verstehe-ich-nicht\/","title":{"rendered":"Manches verstehe ich nicht"},"content":{"rendered":"<p>und dann gibt es Dinge von denen ich nicht verstehe warum die nicht &#8222;verstanden&#8220; oder zumindest akzeptiert werden. Diese Gedanken kamen mir heute beim Lesen \u00fcber einen Bericht \u00fcber &#8222;\u00f6ffentlichkeitsscheue&#8220; Firmen und deren Inhaber.<\/p>\n<p>Dort wurde dann geschrieben ja wegen des Fachkr\u00e4ftemangels werden diese Firmen vielleicht weniger scheu.<\/p>\n<p>Als nun zu den Sachen die ich nicht verstehe. &nbsp;Stichwort Fachkr\u00e4ftemangel, mir leuchtet nicht ein wie das mit 3.6 Mio. Arbeitslosen zusammen gehen soll. Keiner wird mir erz\u00e4hlen wollen, diese Leute K\u00d6NNEN alle nicht arbeiten. Ich verstehe schon das da einige drunter sind die es wirklich nicht k\u00f6nnen, es werden aber auch mit Sicherheit welche darunter sein die nicht wollen. Nur wenn jemand nicht will, dann erwarte ich auch nicht, da\u00df dieser jemand als &#8222;arbeitslos&#8220; auftaucht. Ist man gezwungen sich als Arbeitsloser zu outen, wenn man nicht will? Kann ich mir nicht vorstellen. Nun dann haben wir vielleicht das Problem das unter den Arbeitslosen viele sind die sagen wir mal wenig substantielles gelernt haben. Es gibt ja inzwischen reichlich viele Juristen, Sozial-was-auch-immer, Therapeuten, Volkswirte, Gender Forscher usw. Nun wenn diese Leute etwas gelernt haben wof\u00fcr es offenbar keine Nachfrage gibt (oder zumindest so wenig, da\u00df nicht alle irgendwo dort unterkommen), dann kann man doch nur festhalten. Eigene Wahl, eigenes Problem. Es kann ja wohl nicht angehen, da\u00df alle f\u00fcr den Lebensunterhalt von Leuten aufkommen die sich bewu\u00dft f\u00fcr etwas entscheiden haben was kein Kunde wirklich w\u00fcnscht&#8230;.<\/p>\n<p>Weiterhin leuchtet mir dann aber auch &nbsp;nicht ein, warum Firmen nicht mehr in die Ausbildung stecken. Es m\u00fcsste doch wohl m\u00f6glich sein Fachkr\u00e4fte auszubilden, diese sich dann aber im Gegenzug auf verpflichten eben eine Zeit lang f\u00fcr die ausbildende Firma zu arbeiten (jedenfalls ist das einer der Wege wie z.B. die Bundeswehr an Ingenieure kommt)<br \/>Wenn die Firmen hier erwarten, perfekt ausgebildete Leute zu bekommen, kann ich nur sagen &#8211; so geht das auch nicht.<\/p>\n<p>Nun aber zu dem was ich nicht verstehe, was nicht verstanden wird. In dem Bericht steht alles m\u00f6gliche warum dies Leute nicht in der \u00d6ffentlichkeit stehen wollen. Nur der einfachste Grund, sie wollen es einfach nicht taucht so gut wir gar nicht auf. Es wird aber auch angedeutet, da\u00df es der Neid von Anderen sein k\u00f6nnte der diese Menschen davon abh\u00e4lt. Nun das mag sein, na und? Neid ist doch in Deutschland die Triebfeder f\u00fcr alle Gesetze, da\u00df jemand da nicht das Ziel des Neides (also weitere enteignenden Gesetze) sein will kann ich v\u00f6llig verstehen.<\/p>\n<p>F\u00fcr mich selber kann ich nur festhalten, je kleiner die Firma ist, desto lieber ist Sie mir. Es m\u00fcsste schon ein au\u00dfergew\u00f6hnliches hohes Gehalt sein und eine ziemlich unabh\u00e4ngige Position bevor ich bereit w\u00e4re bei einer gro\u00dfen Firma zu arbeiten und bei einer Firma die nur vom Staat \u00fcber Wasser gehalten wird, w\u00fcrde ich f\u00fcr kein Gehalt der Welt &#8222;anfangen&#8220;. Wenn ich die Wahl h\u00e4tte\/habe bevorzugte ich eine Firma in der ich die Meisten kenne und mit denen es einfach angenehm ist zusammenzuarbeiten. Warum kann man nicht verstehen, da\u00df einige Menschen eben nicht &#8211; speziell auch von der Presse &#8211; bel\u00e4stigt werden wollen?<\/p>\n<p>Nicht jeder will im Big-Brother Container &#8222;enden&#8220;, Deutschland n\u00e4chster Superstar oder Top Model oder Idiot der Nation werden, nicht jeder will sich zur Fleischbeschau oder Seelenstreaptease zur Verf\u00fcgung stellen. Ich behaupte sogar, die Meisten wollen in Ruhe gelassen werden. Sich mit netten Kollegen und\/oder Freunden treffen, das Leben miteinander geniessen &nbsp;statt sich \u00fcber die Meisten uns\u00e4glichen Existenzen im Show, Politik und Gutmenschenmilieu zu \u00e4rgern. Allerdings wenn ich es so schreibe verstehe ich, warum das Journalisten nicht verstehen&#8230;.<\/p>\n<p>Diese Meute braucht ja Stoff f\u00fcr Ihre meist niedertr\u00e4chtigen, gemeinen und weltverbesserischen &#8222;Nachrichten&#8220;. Also nehme ich das zur\u00fcck, ich verstehe nun warum es Journalisten &#8222;angeblich&#8220; nicht verstehen. Die wollen in andere Leute M\u00fcll herumschn\u00fcffeln, ich nicht&#8230;.<\/p>\n","protected":false},"excerpt":{"rendered":"<p>und dann gibt es Dinge von denen ich nicht verstehe warum die nicht &#8222;verstanden&#8220; oder zumindest akzeptiert werden. Diese Gedanken kamen mir heute beim Lesen \u00fcber einen Bericht \u00fcber &#8222;\u00f6ffentlichkeitsscheue&#8220; Firmen und deren Inhaber. Dort wurde dann geschrieben ja wegen des Fachkr\u00e4ftemangels werden diese Firmen vielleicht weniger scheu. Als nun zu den Sachen die ich [&hellip;]<\/p>\n","protected":false},"author":1,"featured_media":0,"comment_status":"open","ping_status":"open","sticky":false,"template":"","format":"standard","meta":{"footnotes":""},"categories":[3974],"tags":[],"class_list":["post-453","post","type-post","status-publish","format-standard","hentry","category-allgemein"],"_links":{"self":[{"href":"https:\/\/www.q-software-solutions.de\/blog\/wp-json\/wp\/v2\/posts\/453","targetHints":{"allow":["GET"]}}],"collection":[{"href":"https:\/\/www.q-software-solutions.de\/blog\/wp-json\/wp\/v2\/posts"}],"about":[{"href":"https:\/\/www.q-software-solutions.de\/blog\/wp-json\/wp\/v2\/types\/post"}],"author":[{"embeddable":true,"href":"https:\/\/www.q-software-solutions.de\/blog\/wp-json\/wp\/v2\/users\/1"}],"replies":[{"embeddable":true,"href":"https:\/\/www.q-software-solutions.de\/blog\/wp-json\/wp\/v2\/comments?post=453"}],"version-history":[{"count":0,"href":"https:\/\/www.q-software-solutions.de\/blog\/wp-json\/wp\/v2\/posts\/453\/revisions"}],"wp:attachment":[{"href":"https:\/\/www.q-software-solutions.de\/blog\/wp-json\/wp\/v2\/media?parent=453"}],"wp:term":[{"taxonomy":"category","embeddable":true,"href":"https:\/\/www.q-software-solutions.de\/blog\/wp-json\/wp\/v2\/categories?post=453"},{"taxonomy":"post_tag","embeddable":true,"href":"https:\/\/www.q-software-solutions.de\/blog\/wp-json\/wp\/v2\/tags?post=453"}],"curies":[{"name":"wp","href":"https:\/\/api.w.org\/{rel}","templated":true}]}}