{"id":487,"date":"2013-08-29T08:38:00","date_gmt":"2013-08-29T08:38:00","guid":{"rendered":"http:\/\/www.q-software-solutions.de\/blog\/?p=487"},"modified":"2023-03-16T18:21:22","modified_gmt":"2023-03-16T17:21:22","slug":"wahlprognose","status":"publish","type":"post","link":"https:\/\/www.q-software-solutions.de\/blog\/2013\/08\/wahlprognose\/","title":{"rendered":"Wahlprognose"},"content":{"rendered":"<p>Ich habe mir das Ganze nun schon ziemlich lange angeschaut. Wer hier regelm\u00e4\u00dfig mitliest hat auch meinen ersten Tip mitbekommen. Ich schrieb damals Frau Merkel wird uns &#8222;erhalten&#8220; bleiben. Ich rechnete am ehesten mit einer gro\u00dfen Koalition. Es k\u00f6nnte sein, da\u00df das nicht notwendig sein wird. Nehmen wir an die FDP kommt &#8222;rein&#8220; und die AfD auch dann haben wir eine &#8222;b\u00fcrgerliche&#8220; Mehrheit. Die AfD wird sich mit CDU\/FDP leichter tun als mit SPD\/Gr\u00fcnen und wie weit sich rot-rot-gr\u00fcn arrangieren werden k\u00f6nnen wei\u00df man nicht.<\/p>\n<p>Selbstverst\u00e4ndlich glaube ich Herrn Steinbr\u00fcck und Herrn Gabriel kein Wort was die &#8222;Unm\u00f6glichkeit&#8220; mit den Linken etwas zu machen angeht. Das ist einfach nur Gew\u00e4sch.<\/p>\n<p>Leider wird die FDP uns ebenfalls erhalten bleiben. So irgendwo \u00fcber 5% werden wohl drin sein. Das ist zwar nichts gegen das letzte Ergebnis aber die FDP W\u00e4hler sind irgendwie &#8222;leicht vergesslich&#8220; oder schlicht und einfach zu feige etwas anderes zu w\u00e4hlen, oder gar Ihrer Partei die Stimme zu verweigern. Ich k\u00f6nnte mir aber vorstellen, da\u00df es einige Abwanderungen von der FDP zu AfD geben wird. Mein Tip w\u00e4re, da\u00df die meisten Stimmen f\u00fcr die AfD aus dem FDP Lager kommen werden, auch die CDUler werden wohl &#8222;migrieren&#8220;, auch dort gibt es W\u00e4hler die nicht sehen das der Euro so alternativlos w\u00e4re. Die AfD k\u00f6nnten Sie als &#8222;Gegengewicht&#8220; zur gnadenlosen Politik der Kanzlerin sehen.<\/p>\n<p>Somit also mein Tip ca 1 Monat vor der Wahl. Ich gehe von eine angeblich &#8222;b\u00fcrgerlichen&#8220; Mehrheit aus. Die Gr\u00fcnen haben den Bogen \u00fcberspannt und eigentlich kein Thema warum man Sie noch w\u00e4hlen sollte. Der AKW Ausstieg ist &#8222;gegessen&#8220; und der menschengemachte Klimawandel &#8222;unbestritten&#8220; (bis auf ewig Gestrige wie der Autor ;-(). Ansonsten wollen Sie einfach nur mehr klauen und das k\u00f6nnte vielleicht auch der W\u00e4hlerklientel langsam missfallen. Es wurde ja nicht wirklich mit mehr Umverteilung besser, es wurde einfach nur ungerechter.<\/p>\n<p>Langsam d\u00e4mmert es auch den ef, das es mit der Alternativen so alternativ nicht werden wird:<br \/>http:\/\/ef-magazin.de\/2013\/09\/04\/4456-alternative-fuer-deutschland-ein-neuer-sheriff-ist-in-der-stadt<br \/>Die AfD ist die f\u00fcnfte Kolonne f\u00fcr die CDU\/FDP. Ich wette nach der Wahl wird sich schon eine &#8222;Basis&#8220; finden lassen. Aber hey, bin halt ein miesepetriger Liberaler\/Libert\u00e4rer. Die haben zwar meist Recht aber wie auf Kassandra will man nicht h\u00f6ren, diffamieren, erniedrigen, bestehlen, verschweigen tut viel besser gut. Und &nbsp;dann erkl\u00e4rt man diejenigen die warnten, als diejenigen die es verschuldet haben.<\/p>\n<p>Heute bekam ich eine teilweise Best\u00e4tigung, die AfD sei nach der Wahl zu Koalitionen bereit auch mit der CDU.&nbsp;<a href=\"http:\/\/www.freiewelt.net\/nachricht\/lucke-afd-auch-offen-fur-koalitionsgesprache-10009641\/\">http:\/\/www.freiewelt.net\/nachricht\/lucke-afd-auch-offen-fur-koalitionsgesprache-10009641\/<\/a><br \/>Mag sich jede seine Gedanken dazu machen&#8230;<\/p>\n<p>Zu sch\u00f6n um wahr zu sein:<br \/><a href=\"http:\/\/www.focus.de\/politik\/deutschland\/bundestagswahl-2013\/zwei-wochen-vor-der-bundestagswahl-fdp-faellt-wieder-unter-der-fuenf-prozent-huerde_aid_1095682.html\">http:\/\/www.focus.de\/politik\/deutschland\/bundestagswahl-2013\/zwei-wochen-vor-der-bundestagswahl-fdp-faellt-wieder-unter-der-fuenf-prozent-huerde_aid_1095682.html<\/a><\/p>\n<p>Das glaube ich erst nach dem Wahltag \ud83d\ude09<\/p>\n<p>Schauen Sie mal was ich heute auch noch finden konnte:<br \/><a href=\"http:\/\/deutsche-wirtschafts-nachrichten.de\/2013\/09\/19\/afd-ueberspringt-erstmals-5-prozent-merkel-wird-aktiv\/\">http:\/\/deutsche-wirtschafts-nachrichten.de\/2013\/09\/19\/afd-ueberspringt-erstmals-5-prozent-merkel-wird-aktiv\/<\/a><\/p>\n<p>Demn\u00e4chst sollten Sie mich als Kaffeesatzleser mit verbl\u00fcffend hoher Trefferquote engagieren \ud83d\ude09<br \/>Oder eben auch nicht. Beide noch b\u00fcrgerlichen Parteien sind an der 5% H\u00fcrde gescheitert. Naja sind halt rund 9 % die dem &#8222;b\u00fcrgerlicheren&#8220; Lage entgingen. Wir wissen auch nicht wer von den Nichtw\u00e4hlern noch wo einzuordnen w\u00e4re.<\/p>\n","protected":false},"excerpt":{"rendered":"<p>Ich habe mir das Ganze nun schon ziemlich lange angeschaut. Wer hier regelm\u00e4\u00dfig mitliest hat auch meinen ersten Tip mitbekommen. Ich schrieb damals Frau Merkel wird uns &#8222;erhalten&#8220; bleiben. Ich rechnete am ehesten mit einer gro\u00dfen Koalition. Es k\u00f6nnte sein, da\u00df das nicht notwendig sein wird. Nehmen wir an die FDP kommt &#8222;rein&#8220; und die [&hellip;]<\/p>\n","protected":false},"author":1,"featured_media":0,"comment_status":"open","ping_status":"open","sticky":false,"template":"","format":"standard","meta":{"footnotes":""},"categories":[450,104,169,9],"tags":[],"class_list":["post-487","post","type-post","status-publish","format-standard","hentry","category-cdu","category-fdp","category-gruene","category-wahl"],"_links":{"self":[{"href":"https:\/\/www.q-software-solutions.de\/blog\/wp-json\/wp\/v2\/posts\/487","targetHints":{"allow":["GET"]}}],"collection":[{"href":"https:\/\/www.q-software-solutions.de\/blog\/wp-json\/wp\/v2\/posts"}],"about":[{"href":"https:\/\/www.q-software-solutions.de\/blog\/wp-json\/wp\/v2\/types\/post"}],"author":[{"embeddable":true,"href":"https:\/\/www.q-software-solutions.de\/blog\/wp-json\/wp\/v2\/users\/1"}],"replies":[{"embeddable":true,"href":"https:\/\/www.q-software-solutions.de\/blog\/wp-json\/wp\/v2\/comments?post=487"}],"version-history":[{"count":0,"href":"https:\/\/www.q-software-solutions.de\/blog\/wp-json\/wp\/v2\/posts\/487\/revisions"}],"wp:attachment":[{"href":"https:\/\/www.q-software-solutions.de\/blog\/wp-json\/wp\/v2\/media?parent=487"}],"wp:term":[{"taxonomy":"category","embeddable":true,"href":"https:\/\/www.q-software-solutions.de\/blog\/wp-json\/wp\/v2\/categories?post=487"},{"taxonomy":"post_tag","embeddable":true,"href":"https:\/\/www.q-software-solutions.de\/blog\/wp-json\/wp\/v2\/tags?post=487"}],"curies":[{"name":"wp","href":"https:\/\/api.w.org\/{rel}","templated":true}]}}