{"id":54,"date":"2014-04-26T04:59:00","date_gmt":"2014-04-26T04:59:00","guid":{"rendered":"http:\/\/www.q-software-solutions.de\/blog\/?p=54"},"modified":"2014-07-02T07:11:10","modified_gmt":"2014-07-02T07:11:10","slug":"weit-sind-wir-gekommen","status":"publish","type":"post","link":"https:\/\/www.q-software-solutions.de\/blog\/2014\/04\/weit-sind-wir-gekommen\/","title":{"rendered":"Weit sind wir gekommen"},"content":{"rendered":"<p>in unsere neuen Faschismus der sich als Antifaschismus definiert. F\u00fcr wollen wieder bei der <a href=\"http:\/\/www.tagesschau.de\/inland\/hasskriminalitaet100.html\">Gesinnungsjustiz<\/a> landen. Tja liebe M\u00f6rder gebt gut acht, da\u00df ihr nicht mehr aus Ha\u00df mordet. Seit besonders vorsichtig wenn ihr auf Ausl\u00e4nder und Frauen trefft. Das macht sich dann als Hasskriminalit\u00e4t noch viel schlimmer. Zwar bleibt tot tot aber hey wenn Ihr es ohne fremdenfeindlichen Hintergrund macht &#8211; ist das immer noch &#8222;besser&#8220;.<\/p>\n<p>Ich zitiere von dem genannten Link nur den ersten Satz: &#8222;<span style=\"background-color: white; font-family: Thesis, helvetica, arial, sans-serif; font-size: 16px; line-height: 23.22553253173828px;\">Sein Anliegen ist zweifellos ehrenhaft.<\/span><span style=\"background-color: white; font-family: Thesis, helvetica, arial, sans-serif; font-size: 16px; line-height: 23.22553253173828px;\">&nbsp;&#8222;<\/span><br \/>Es z\u00e4hlt der gute Wille, jedenfalls f\u00fcr unsere Delebets und staatlich engagierte und Angestellte Gesetzes&#8220;h\u00fcter&#8230;&#8220; F\u00fcr alle anderen reicht ist es nicht nur der b\u00f6se Wille sondern auch noch die Gesinnung. Ich sch\u00e4tze die <a href=\"http:\/\/sciencefiles.org\/2014\/04\/25\/hasskriminalitat-ministerieller-amoklauf\/\">Urteilsfindung wird dadurch ungemein erleichtert<\/a>.<\/p>\n<p>Ich finde nur noch man m\u00fcsste die Gerichte insgesamt noch etwas anders benennen um klar zu machen das vor dem Gesetz keiner mehr gleich ist. Wie w\u00e4re es mit &#8222;Stelle zur Behandlung unerw\u00fcnschter Handlungen&#8220;?<\/p>\n","protected":false},"excerpt":{"rendered":"<p>in unsere neuen Faschismus der sich als Antifaschismus definiert. F\u00fcr wollen wieder bei der Gesinnungsjustiz landen. Tja liebe M\u00f6rder gebt gut acht, da\u00df ihr nicht mehr aus Ha\u00df mordet. Seit besonders vorsichtig wenn ihr auf Ausl\u00e4nder und Frauen trefft. Das macht sich dann als Hasskriminalit\u00e4t noch viel schlimmer. Zwar bleibt tot tot aber hey wenn [&hellip;]<\/p>\n","protected":false},"author":1,"featured_media":0,"comment_status":"open","ping_status":"open","sticky":false,"template":"","format":"standard","meta":{"footnotes":""},"categories":[3974],"tags":[],"class_list":["post-54","post","type-post","status-publish","format-standard","hentry","category-allgemein"],"_links":{"self":[{"href":"https:\/\/www.q-software-solutions.de\/blog\/wp-json\/wp\/v2\/posts\/54","targetHints":{"allow":["GET"]}}],"collection":[{"href":"https:\/\/www.q-software-solutions.de\/blog\/wp-json\/wp\/v2\/posts"}],"about":[{"href":"https:\/\/www.q-software-solutions.de\/blog\/wp-json\/wp\/v2\/types\/post"}],"author":[{"embeddable":true,"href":"https:\/\/www.q-software-solutions.de\/blog\/wp-json\/wp\/v2\/users\/1"}],"replies":[{"embeddable":true,"href":"https:\/\/www.q-software-solutions.de\/blog\/wp-json\/wp\/v2\/comments?post=54"}],"version-history":[{"count":0,"href":"https:\/\/www.q-software-solutions.de\/blog\/wp-json\/wp\/v2\/posts\/54\/revisions"}],"wp:attachment":[{"href":"https:\/\/www.q-software-solutions.de\/blog\/wp-json\/wp\/v2\/media?parent=54"}],"wp:term":[{"taxonomy":"category","embeddable":true,"href":"https:\/\/www.q-software-solutions.de\/blog\/wp-json\/wp\/v2\/categories?post=54"},{"taxonomy":"post_tag","embeddable":true,"href":"https:\/\/www.q-software-solutions.de\/blog\/wp-json\/wp\/v2\/tags?post=54"}],"curies":[{"name":"wp","href":"https:\/\/api.w.org\/{rel}","templated":true}]}}