{"id":6495,"date":"2018-01-29T06:54:45","date_gmt":"2018-01-29T05:54:45","guid":{"rendered":"https:\/\/www.q-software-solutions.de\/blog\/?p=6495"},"modified":"2018-01-29T06:54:45","modified_gmt":"2018-01-29T05:54:45","slug":"gibt-es-bessere-kulturen","status":"publish","type":"post","link":"https:\/\/www.q-software-solutions.de\/blog\/2018\/01\/gibt-es-bessere-kulturen\/","title":{"rendered":"Gibt es bessere Kulturen?"},"content":{"rendered":"<p>So wie hier postuliert https:\/\/www.youtube.com\/watch?v=2JXrDwtiqQs<\/p>\n<p>Woran macht man es fest?-\u00a0 Festzuhalten bleibt die Ma\u00dfst\u00e4be f\u00fcr ein Zusammenleben sind sehr unterschiedlich, trotzdem kann man eine-\u00a0 plausible Antwort aus ein paar Sachen ableiten. Wie fast in jedem Fall spielt Eigentum eine Rolle. Wenn man das Recht an sich selbst bejaht ist die Antwort eindeutig, der Westen liegt da trotz aller Einschr\u00e4nkungen mit Abstand weit vorne. Was man im Gro\u00dfe und Ganzen diesen Statistiken entnehmen kann:-\u00a0https:\/\/www.heritage.org\/index\/ranking Es geht eben nicht ohne Eigentum und dem was man erwirtschaftet und wer das f\u00fcr sich ausgeben kann.<\/p>\n<p>Macht man es an gleichem Recht fest (f\u00fcr Alle) auch dann liegt die westliche Art weit vorne, d.h aber nicht, da\u00df es in diesen L\u00e4ndern keine gesetzliche Ungleichbehandlung gibt. Auch \u00fcber die Biologie heraus. Siehe dazu unter anderem unser Grundgesetz. Aber auch das f\u00fchrt am Ende auf Eigentum heraus. Wer eben Frauen oder M\u00e4nnern eine niedrigere Stufe zuordnet, billigt die Einschr\u00e4nkungen des Eigentums des benachteiligten Geschlechts.<\/p>\n<p>Wie man auch weiter sehen kann ist Korruption ein weltweites Problem und auch hier geht wieder nur um Eigentum und wie damit umgegangen wird.-\u00a0http:\/\/www.laenderdaten.de\/indizes\/cpi.aspx<\/p>\n<p>Wenn man das als Ma\u00dfstab nimmt hat Watson durchaus recht. Dann mu\u00df man aber genauso kritisch sehen, wer an diesen Fundamenten gr\u00e4bt unterminiert diese. Und sorry es gibt inzwischen eine schlechte Tendenz kulturelle Unterschiede auch vor Gericht zu ber\u00fccksichtigen, und es gibt eine deutliche Bevorzugung von Frauen in der westlichen Rechtssprechung. Das ist schlecht.<\/p>\n<p>Weiterhin gibt es die Tendenzen Gesetze f\u00fcr das eine oder andere aufzuweichen oder speziell zu erlauben. In D z.B ist nur die Pflicht von M\u00e4nner bei der Bundeswehr in den Gesetzen hervorgehoben und ja die k\u00f6rperliche Unversehrtheit von Jungen wird auch eingeschr\u00e4nkt (siehe:<\/p>\n<div id=\"pfeileoben\" class=\"clearfix\">\n<h1 id=\"normueberschrift\">-\u00a7 1631d<br \/>\nBeschneidung des m\u00e4nnlichen Kindes<\/h1>\n<\/div>\n<div id=\"gesetzestext\" class=\"clearfix\">\n<p id=\"g1\"><a id=\"Abs1\" class=\"anker\"><\/a>(1)-\u00a0<span class=\"n\"><a id=\"Abs1:S1\" class=\"s1\"><\/a>1Die<\/span>&#8211;\u00a0Personensorge umfasst auch das Recht, in eine medizinisch nicht erforderliche Beschneidung des nicht einsichts- und urteilsf\u00e4higen m\u00e4nnlichen Kindes einzuwilligen, wenn diese nach den Regeln der \u00e4rztlichen Kunst durchgef\u00fchrt werden soll.-\u00a0<span class=\"n\"><a id=\"Abs1:S2\" class=\"s2\"><\/a>2Dies<\/span>&#8211;\u00a0gilt nicht, wenn durch die Beschneidung auch unter Ber\u00fccksichtigung ihres Zwecks das Kindeswohl gef\u00e4hrdet wird.<\/p>\n<p><a id=\"Abs2\" class=\"anker\"><\/a>(2) In den ersten sechs Monaten nach der Geburt des Kindes d\u00fcrfen auch von einer Religionsgesellschaft dazu vorgesehene Personen Beschneidungen gem\u00e4\u00df Absatz 1 durchf\u00fchren, wenn sie daf\u00fcr besonders ausgebildet und, ohne Arzt zu sein, f\u00fcr die Durchf\u00fchrung der Beschneidung vergleichbar bef\u00e4higt sind.)<\/p>\n<p>F\u00fcr M\u00e4dchen\/Frauen hingegen:<\/p>\n<div id=\"pfeileoben\" class=\"clearfix\">\n<h1 id=\"normueberschrift\">-\u00a7 226a<br \/>\nVerst\u00fcmmelung weiblicher Genitalien<\/h1>\n<\/div>\n<div id=\"gesetzestext\" class=\"clearfix\">\n<p id=\"g1\"><a id=\"Abs1\" class=\"anker\"><\/a>(1) Wer die \u00e4u\u00dferen Genitalien einer weiblichen Person verst\u00fcmmelt, wird mit Freiheitsstrafe nicht unter einem Jahr bestraft.<\/p>\n<p id=\"g2\"><a id=\"Abs2\" class=\"anker\"><\/a>(2) In minder schweren F\u00e4llen ist auf Freiheitsstrafe von sechs Monaten bis zu f\u00fcnf Jahren zu erkennen.<\/p>\n<p>Interessant wie weit diese Dinge auseinander liegen &#8211; oder?<\/p>\n<p>Aber auch kein Wunder denn das letztere wurde 2012 erst festgelegt. Gesetze von:-\u00a0https:\/\/dejure.org\/<\/p>\n<p>Auf der einen Seite soll uns eingeredet werden Mann und Frau ist ein &#8222;soziales Konstrukt&#8220; aber auf der anderen Seite mu\u00df man den biologischen Tatsachen nun mal auch Gesetze zollen&#8230;.<\/p>\n<p>Watson hat recht in der Hinsicht, da\u00df wir uns auf bestimmte Verhaltensweisen auf keinen Fall einlassen sollten. Denn tun wir es, verschlechtern wir unsere gesamte Situation. Eine Kultur die darauf aus ist Frauen oder M\u00e4nner zu benachteiligen ist mit gleichem Recht unvereinbar. Und es bedeutet ein R\u00fcckschritt in schlimmste menchenverachtende Zeiten. Dieser Weg ist falsch und man sollte ihn nicht betreten&#8230;<\/p>\n<\/div>\n<\/div>\n","protected":false},"excerpt":{"rendered":"<p>So wie hier postuliert https:\/\/www.youtube.com\/watch?v=2JXrDwtiqQs Woran macht man es fest?-\u00a0 Festzuhalten bleibt die Ma\u00dfst\u00e4be f\u00fcr ein Zusammenleben sind sehr unterschiedlich, trotzdem kann man eine-\u00a0 plausible Antwort aus ein paar Sachen ableiten. Wie fast in jedem Fall spielt Eigentum eine Rolle. Wenn man das Recht an sich selbst bejaht ist die Antwort eindeutig, der Westen liegt [&hellip;]<\/p>\n","protected":false},"author":1,"featured_media":0,"comment_status":"open","ping_status":"open","sticky":false,"template":"","format":"standard","meta":{"footnotes":""},"categories":[20],"tags":[6015,7317,5979,7316],"class_list":["post-6495","post","type-post","status-publish","format-standard","hentry","category-politik","tag-besser","tag-kulturen","tag-massstaebe","tag-watson"],"_links":{"self":[{"href":"https:\/\/www.q-software-solutions.de\/blog\/wp-json\/wp\/v2\/posts\/6495","targetHints":{"allow":["GET"]}}],"collection":[{"href":"https:\/\/www.q-software-solutions.de\/blog\/wp-json\/wp\/v2\/posts"}],"about":[{"href":"https:\/\/www.q-software-solutions.de\/blog\/wp-json\/wp\/v2\/types\/post"}],"author":[{"embeddable":true,"href":"https:\/\/www.q-software-solutions.de\/blog\/wp-json\/wp\/v2\/users\/1"}],"replies":[{"embeddable":true,"href":"https:\/\/www.q-software-solutions.de\/blog\/wp-json\/wp\/v2\/comments?post=6495"}],"version-history":[{"count":0,"href":"https:\/\/www.q-software-solutions.de\/blog\/wp-json\/wp\/v2\/posts\/6495\/revisions"}],"wp:attachment":[{"href":"https:\/\/www.q-software-solutions.de\/blog\/wp-json\/wp\/v2\/media?parent=6495"}],"wp:term":[{"taxonomy":"category","embeddable":true,"href":"https:\/\/www.q-software-solutions.de\/blog\/wp-json\/wp\/v2\/categories?post=6495"},{"taxonomy":"post_tag","embeddable":true,"href":"https:\/\/www.q-software-solutions.de\/blog\/wp-json\/wp\/v2\/tags?post=6495"}],"curies":[{"name":"wp","href":"https:\/\/api.w.org\/{rel}","templated":true}]}}