{"id":6871,"date":"2018-06-27T06:38:11","date_gmt":"2018-06-27T04:38:11","guid":{"rendered":"https:\/\/www.q-software-solutions.de\/blog\/?p=6871"},"modified":"2018-06-27T09:52:40","modified_gmt":"2018-06-27T07:52:40","slug":"schreibe-ich-heute-mal-ueber-meine-pol-fehler","status":"publish","type":"post","link":"https:\/\/www.q-software-solutions.de\/blog\/2018\/06\/schreibe-ich-heute-mal-ueber-meine-pol-fehler\/","title":{"rendered":"Schreibe ich heute mal \u00fcber meine pol. Fehler"},"content":{"rendered":"<p>Ich wollte gerne behaupten ich h\u00e4tte was meine politische Meinung und Wahlverhalten angeht keine Fehler gemacht &#8211; ist aber nicht so. Denke ich, ich kann diese Fehler in gewisser Weise entschuldigen? Ich denke darauf kann meine Antwort ja sein.<\/p>\n<p>Betrachten wir mal welchen Fehler ich nie machte: Ich habe mein ganzes Leben lang nicht SPD, Gr\u00fcne, Linke gew\u00e4hlt. Deren Ideen und Vorgehensweisen kamen mir immer falsch vor. auch wenn ich bis vor ein paar Jahren nicht h\u00e4tte so begr\u00fcnden k\u00f6nnen warum. Was bleibt also als meine m\u00f6gliches Wahlverhalten \u00fcbrig? Nun ja genau &#8211; CDU, FDP. Tja und genau einen Halbsatz vor diesem stehen meine Fehler.<\/p>\n<p>Es gibt auch einen Fehler den ich in meinem Leben nicht gemacht hatte. Ich war nie f\u00fcr irgendwelche Subventionen. Einer der Punkte wo ich andere Meinung als mein Vater war. Der fand Subventionen f\u00fcr Bauern w\u00e4ren angemessen, der Meinung war ich nicht.<\/p>\n<p>Aber egal es geht um die Fehler. Von heute aus gesehen h\u00e4tte ich CDU, FDP niemals w\u00e4hlen d\u00fcrfen. Gibt es eine Entschuldigung? Ich denke ja. W\u00e4hrend meiner ganzen Zeit wo ich in der Schule oder gar der Universit\u00e4t war, wurde ich nicht einmal mit den Urspr\u00fcngen und Auspr\u00e4gungen von wirklich liberalem Gedanken konfrontiert. NICHT EINMAL! Kein Wort von von Mises selbst im Studium \u00fcber VWL nichts &#8211; absolut nichts. Es gibt tats\u00e4chlich im staatlichen Bildungssystem so gut wie kein Platz f\u00fcr &#8222;\u00d6sterreicher&#8220;.<\/p>\n<p>Kurz, ich wurde was das angeht schlicht im Dunklen gelassen und ja indoktriniert. Ich kann es leider nicht anders ausdr\u00fccken und zu meiner Schande kann ich dann nur festhalten. Propaganda hat auf mein Wahlverhalten gewirkt. Daf\u00fcr sch\u00e4me ich mich heute. Selbst Erhard war mir als Begriff bekannt, aber nicht f\u00fcr was er wirklich stand. Er war eben kein sozialliberaler sondern fast der einzige Politiker der mir so einf\u00e4llt in sehr hohen Positionen den man liberal nennen mu\u00df. Ein Einziger! Auch Lambsdorf, Genscher etc waren nie ernsthaft liberal sondern leider nur neo-\/ordo-\/-sozialliberal. Kann man diese Entschuldigung so stehen lassen? Ich bin mir dar\u00fcber nicht sicher. Denn es war ja nicht unm\u00f6glich mehr \u00fcber von Mises zu erfahren, man mu\u00df aber klar feststellen. Heute etwas dar\u00fcber zu finden ist wirklich einfacher (man mu\u00df nur wissen nach was man suchen mu\u00df!)<\/p>\n<p>Welchen anderen Fehler habe ich gemacht? Nun ich war Mitglied bei der FDP (vor 2009 eingetreten und in 2010 oder so war ich drau\u00dfen. Somit habe ich immerhin einmal f\u00fcr Frau Merkel gestimmt &#8211; auch ein Fehler. F\u00fcr deren Vorg\u00e4nger Kohl habe ich mehrfach gestimmt &#8211; auch das waren Fehler.<\/p>\n<p>Tja meine Fehler sind also Unterst\u00fctzung f\u00fcr FDP und CDU gewesen. Ich kann aber sagen, seit fast 10 Jahren bin ich was das angeht &#8222;clean&#8220;. Fakt ist: Jeder der heute noch unser derzeitig im Bundestag vertretenen Parteien w\u00e4hlt, macht weiter-\u00a0 etwas grundlegend falsch. Es gibt nur einen Weg aus der Misere, Sozialdemokratie zu Grabe tragen. Es wird auf Dauer niemals funktionieren und der Weg nach unten kann durch Sozialdemokraten nicht aufgehalten und oder umgekehrt werden. Ich kann nun jeden W\u00e4hler zu Recht kritisieren. Ich darf seit ca 2009 sagen. Ich habe sie nicht gew\u00e4hlt&#8230;.<\/p>\n","protected":false},"excerpt":{"rendered":"<p>Ich wollte gerne behaupten ich h\u00e4tte was meine politische Meinung und Wahlverhalten angeht keine Fehler gemacht &#8211; ist aber nicht so. Denke ich, ich kann diese Fehler in gewisser Weise entschuldigen? Ich denke darauf kann meine Antwort ja sein. Betrachten wir mal welchen Fehler ich nie machte: Ich habe mein ganzes Leben lang nicht SPD, [&hellip;]<\/p>\n","protected":false},"author":1,"featured_media":0,"comment_status":"open","ping_status":"open","sticky":false,"template":"","format":"standard","meta":{"footnotes":""},"categories":[20],"tags":[4636,4593,4674,7493,4681,4991],"class_list":["post-6871","post","type-post","status-publish","format-standard","hentry","category-politik","tag-cdu","tag-grune","tag-linke","tag-meine-fehler","tag-spd","tag-wahlverhalten"],"_links":{"self":[{"href":"https:\/\/www.q-software-solutions.de\/blog\/wp-json\/wp\/v2\/posts\/6871","targetHints":{"allow":["GET"]}}],"collection":[{"href":"https:\/\/www.q-software-solutions.de\/blog\/wp-json\/wp\/v2\/posts"}],"about":[{"href":"https:\/\/www.q-software-solutions.de\/blog\/wp-json\/wp\/v2\/types\/post"}],"author":[{"embeddable":true,"href":"https:\/\/www.q-software-solutions.de\/blog\/wp-json\/wp\/v2\/users\/1"}],"replies":[{"embeddable":true,"href":"https:\/\/www.q-software-solutions.de\/blog\/wp-json\/wp\/v2\/comments?post=6871"}],"version-history":[{"count":0,"href":"https:\/\/www.q-software-solutions.de\/blog\/wp-json\/wp\/v2\/posts\/6871\/revisions"}],"wp:attachment":[{"href":"https:\/\/www.q-software-solutions.de\/blog\/wp-json\/wp\/v2\/media?parent=6871"}],"wp:term":[{"taxonomy":"category","embeddable":true,"href":"https:\/\/www.q-software-solutions.de\/blog\/wp-json\/wp\/v2\/categories?post=6871"},{"taxonomy":"post_tag","embeddable":true,"href":"https:\/\/www.q-software-solutions.de\/blog\/wp-json\/wp\/v2\/tags?post=6871"}],"curies":[{"name":"wp","href":"https:\/\/api.w.org\/{rel}","templated":true}]}}