{"id":6876,"date":"2018-06-28T06:41:53","date_gmt":"2018-06-28T04:41:53","guid":{"rendered":"https:\/\/www.q-software-solutions.de\/blog\/?p=6876"},"modified":"2018-06-28T14:22:01","modified_gmt":"2018-06-28T12:22:01","slug":"schaerfste-zurueckweisung-fuer-herrn-marcus-grabitz","status":"publish","type":"post","link":"https:\/\/www.q-software-solutions.de\/blog\/2018\/06\/schaerfste-zurueckweisung-fuer-herrn-marcus-grabitz\/","title":{"rendered":"Sch\u00e4rfste Zur\u00fcckweisung f\u00fcr Herrn Marcus Grabitz"},"content":{"rendered":"<p>der heute (27.06.2018) in den BNN kommentiert:<\/p>\n<p>Zitat:<\/p>\n<p>&#8222;Wer rettet Europa?<br \/>\nIst Europa noch zu retten? Jedenfalls nicht mit den Politiker, die vom Virus de &#8222;Trumpismus&#8220; befallen sind. Bislang hat die Seuche vor allem M\u00e4nner erwischt.&#8220; (BNN 27.06.2018 S.2)<\/p>\n<p>Weiter unten &#8222;&#8230; bedienen die niederen Instinkte, indem sie Teile der Gesellschaft gegeneinander ausspielen&#8220;<\/p>\n<p>Europa ist nicht die EU. Und wird es auch nie werden.-\u00a0 Sie haben offensichtlich, wie so viele Journalisten, ein Problem mit Herrn Trump, da\u00df ist Ihr gutes Recht. Das Sie hier dann M\u00e4nner speziell auff\u00fchren, erf\u00fcllt genau den Tatbestand den Sie weiter unten kritisieren. N\u00e4mlich Sie machen hier eindeutig Front gegen M\u00e4nner. Sie erw\u00e4hnen zwar auch noch den Front National aber dort keine Namen aber-\u00a0 auf einige M\u00e4nner gehen Sie explizit mit Namen ein (Orban, Theo Franken (ebenda)).<\/p>\n<p>Herr Grabitz h\u00e4lt weiter fest: &#8222;Schon in fr\u00fcheren Zeiten gab es Politiker, die mit Hetze gegen\u00fcber Minderheiten im Tr\u00fcben fischten&#8220;. Sie fischen nicht im Tr\u00fcben sondern hetzen auf abscheuliche Weise gegen\u00fcber M\u00e4nner und vor allem gegen alle, die der Meinung sind, da\u00df Gesetze f\u00fcr B\u00fcrger und Politiker gelten.<\/p>\n<p>Der ganze Kommentar ist genau was hier kritisiert wird. Sie hetzen und Sie wollen jeden diskreditieren der die EU (nicht Europa) in der Form nicht will.<\/p>\n<p>Wie billig Ihre Propaganda ist kann man dann auch &#8222;bewundern&#8220;<br \/>\n&#8222;Auf europ\u00e4ischer Ebene &#8230;. weil die EU in die Sackgasse ger\u00e4t &#8222;(ebenda) . Und wieder Sie setzen Europa mit der EU gleich. Was Sie auch dazu meinen, teilen Sie uns nat\u00fcrlich auch mit:<\/p>\n<p>&#8222;Die EU ist nur dann zu retten &#8230; Die Europ\u00e4er haben nur dann eine Chance&#8220;. Es kennzeichnet Propaganda, da\u00df Begriff beliebig verwendet-\u00a0 werden.. Weiterhin gibt es weitaus kleinere L\u00e4nder die durchaus global &#8222;bestehen&#8220; ein prominentes europ\u00e4isches Beispiel ist die Schweiz.<\/p>\n<p>Also bleibt festzuhalten<\/p>\n<ul>\n<li>Sie hetzen gegen M\u00e4nner.<\/li>\n<li>Sie nennen Europa und EU in einem Atemzug. Was Sie aber immer meinen: Die EU.<\/li>\n<li>Sie gehen mit keinem einzigen Wort auf warum sich die Menschen in Ihren eigenen L\u00e4ndern nicht mehr sicher f\u00fchlen.<\/li>\n<li>Sie kritisieren einseitig Leute die eine der zentralen Aufgaben eines Staates erf\u00fcllen wollen &#8211; den Schutz nach au\u00dfen. Und zwar auf genau die primitive Art, die Sie hier als Kritik anf\u00fchren.<\/li>\n<li>Ihre Feindbilder sind einfach zu erkennen: Trump, Putin,-\u00a0 Politiker die sich um eine zentrale Aufgabe eines Staates bem\u00fchen, EU-Gegner und M\u00e4nner.<\/li>\n<\/ul>\n<p>Wie es nervt: http:\/\/www.spiegel.de\/politik\/deutschland\/unionsstreit-wenn-merkel-scheitert-kann-europa-scheitern-a-1215458.html Genau derselbe Mist, scheitert Merkel scheitert die EU scheitert Europa. Gruselig. Da braucht man keine Gleichschaltungsgesetze mehr, das machen die freiwillig selber so.. Presse die in Deutschland jeden Mist von den Regierungsparteien gutiert. Es ist nur sehr h\u00e4sslich geworden&#8230;.<\/p>\n<p>Schon wieder: https:\/\/www.zeit.de\/politik\/2018-06\/europaeische-union-stimmen-community-eu-gipfel-\u00a0 EU = Europa, was f\u00fcr ein Mist.<\/p>\n<p>&nbsp;<\/p>\n","protected":false},"excerpt":{"rendered":"<p>der heute (27.06.2018) in den BNN kommentiert: Zitat: &#8222;Wer rettet Europa? Ist Europa noch zu retten? Jedenfalls nicht mit den Politiker, die vom Virus de &#8222;Trumpismus&#8220; befallen sind. Bislang hat die Seuche vor allem M\u00e4nner erwischt.&#8220; (BNN 27.06.2018 S.2) Weiter unten &#8222;&#8230; bedienen die niederen Instinkte, indem sie Teile der Gesellschaft gegeneinander ausspielen&#8220; Europa ist [&hellip;]<\/p>\n","protected":false},"author":1,"featured_media":0,"comment_status":"open","ping_status":"open","sticky":false,"template":"","format":"standard","meta":{"footnotes":""},"categories":[20],"tags":[3994,4364,7494,5184,7495,4578],"class_list":["post-6876","post","type-post","status-publish","format-standard","hentry","category-politik","tag-eu-2","tag-europa","tag-europa-eu","tag-hetze","tag-maennerverachtung","tag-propaganda"],"_links":{"self":[{"href":"https:\/\/www.q-software-solutions.de\/blog\/wp-json\/wp\/v2\/posts\/6876","targetHints":{"allow":["GET"]}}],"collection":[{"href":"https:\/\/www.q-software-solutions.de\/blog\/wp-json\/wp\/v2\/posts"}],"about":[{"href":"https:\/\/www.q-software-solutions.de\/blog\/wp-json\/wp\/v2\/types\/post"}],"author":[{"embeddable":true,"href":"https:\/\/www.q-software-solutions.de\/blog\/wp-json\/wp\/v2\/users\/1"}],"replies":[{"embeddable":true,"href":"https:\/\/www.q-software-solutions.de\/blog\/wp-json\/wp\/v2\/comments?post=6876"}],"version-history":[{"count":0,"href":"https:\/\/www.q-software-solutions.de\/blog\/wp-json\/wp\/v2\/posts\/6876\/revisions"}],"wp:attachment":[{"href":"https:\/\/www.q-software-solutions.de\/blog\/wp-json\/wp\/v2\/media?parent=6876"}],"wp:term":[{"taxonomy":"category","embeddable":true,"href":"https:\/\/www.q-software-solutions.de\/blog\/wp-json\/wp\/v2\/categories?post=6876"},{"taxonomy":"post_tag","embeddable":true,"href":"https:\/\/www.q-software-solutions.de\/blog\/wp-json\/wp\/v2\/tags?post=6876"}],"curies":[{"name":"wp","href":"https:\/\/api.w.org\/{rel}","templated":true}]}}