{"id":7177,"date":"2018-10-11T11:47:02","date_gmt":"2018-10-11T09:47:02","guid":{"rendered":"https:\/\/www.q-software-solutions.de\/blog\/?p=7177"},"modified":"2018-10-11T11:47:02","modified_gmt":"2018-10-11T09:47:02","slug":"trag-ich-halt-eulen-nach-athen","status":"publish","type":"post","link":"https:\/\/www.q-software-solutions.de\/blog\/2018\/10\/trag-ich-halt-eulen-nach-athen\/","title":{"rendered":"Trag&#8216; ich halt Eulen nach Athen"},"content":{"rendered":"<h1 class=\"thread_title\"><a href=\"https:\/\/www.heise.de\/forum\/Telepolis\/Kommentare\/Warum-der-Kampf-gegen-rechts-die-Gesellschaft-weiter-spaltet\/Gerade-auch-im-Neoliberalismus\/posting-33227568\/show\/\">Gerade auch im Neoliberalismus<\/a><\/h1>\n<div class=\"post\">\n<div class=\"bbcode_v1\">\n<p>gilt das Primat der Politik. Es w\u00e4re daher besser von NeoSozialismus zu schreiben.<br \/>\nEs gilt eben nicht das Prima der M\u00e4rkte, sondern das Primat der Politik \u00fcber M\u00e4rkte. Kurz Eingriffe gegen Entscheidungen der Leute.<\/p>\n<p>Beispiele sind einfach zu sehen. EEG &#8211; hat mit Markt genau nichts zu tun.<br \/>\nMietpreisbremse &#8211; hat mit Markt genau nichts zu tun<br \/>\nG\u00d6\u00c4 &#8211; hat mit Markt genau nichts zu tun.<\/p>\n<p>Der Kampf gegen Recht ist inzwischen eine Hysterie, irgendjemand schrieb mal \u00fcber umgehrten McCarthismus.<\/p>\n<p>Und gerade passend dazu heute auf den sciencefiles: https:\/\/sciencefiles.org\/2018\/10\/09\/wikipedia-hexenjagd-selbstverstarkungsschleife-zieht-bosartige-an\/<\/p>\n<p>Die Autoren des Forums sind bis auf wenige Ausnahmen wenig pro Markt eingestellt und die meisten Kommentatoren scheinen sich auch daran zu gefallen gegen M\u00e4rkte zu sein.<\/p>\n<p>Beim Autor frage ich mich, wie kommt es gleichzeitig zu einem angeblichen Facharbeitermangel und Arbeitslosigkeit und\/oder schlechtere Bezahlung kommen kann?<\/p>\n<p>Was wird hier wirklich kritisiert? Es sind die Auswirkungen der Eingriffe der Politik in die M\u00e4rkte. Hohe Strompreise sind das Ergebnis politischer Entscheidungen. Also warum erschwert man sich \u00fcber &#8222;unsoziale&#8220; Preise aber gleichzeitig betreibt man eine Krieg gegen fossile Brennstoffe?<\/p>\n<p>Gegen hohe Mieten ist man auch, aber der einzige der mehr Raum f\u00fcr&#8217;s Bauen ausweisen kann sind staatliche Angestellte. Und dazu kommen eine Vielzahl an Auflagen. Wieder durch das Primat der Politik? Wie kann man meinen h\u00f6here Auflagen und Gesetze k\u00f6nnten verbilligend wirken?<\/p>\n<p>Vielleicht macht sich der Autor auch nur einmal die M\u00fche und vergleicht bitte wie sich das Verh\u00e4ltnis Lohn \/ Steuern entwickelt hat? Vielleicht schaut er sich einmal die Preisentwicklung bei diversen Diensten an? Einmal die staatlich zur Verf\u00fcgung gestellt werde und einmal Private. Vielleicht macht es sich einmal die M\u00fche und hinterfragt die EEG-Umlage?<\/p>\n<p>Als das ist Primat der Politik und hat mit freiem Markt nichts zu tun. Es wird aber so getan als ob es der Markt w\u00e4re der hier nicht funktioniert. Was offenkundig falsch ist&#8230;<\/p>\n<p>Ist doch jedem klar der hier mehr als 2 Eintr\u00e4ge liest, wieso man da so sehen mu\u00df.<\/p>\n<\/div>\n<\/div>\n","protected":false},"excerpt":{"rendered":"<p>Gerade auch im Neoliberalismus gilt das Primat der Politik. Es w\u00e4re daher besser von NeoSozialismus zu schreiben. Es gilt eben nicht das Prima der M\u00e4rkte, sondern das Primat der Politik \u00fcber M\u00e4rkte. Kurz Eingriffe gegen Entscheidungen der Leute. Beispiele sind einfach zu sehen. EEG &#8211; hat mit Markt genau nichts zu tun. Mietpreisbremse &#8211; hat [&hellip;]<\/p>\n","protected":false},"author":1,"featured_media":0,"comment_status":"open","ping_status":"open","sticky":false,"template":"","format":"standard","meta":{"footnotes":""},"categories":[20],"tags":[7307,7638],"class_list":["post-7177","post","type-post","status-publish","format-standard","hentry","category-politik","tag-interventionismus","tag-sozialdemokrtie"],"_links":{"self":[{"href":"https:\/\/www.q-software-solutions.de\/blog\/wp-json\/wp\/v2\/posts\/7177","targetHints":{"allow":["GET"]}}],"collection":[{"href":"https:\/\/www.q-software-solutions.de\/blog\/wp-json\/wp\/v2\/posts"}],"about":[{"href":"https:\/\/www.q-software-solutions.de\/blog\/wp-json\/wp\/v2\/types\/post"}],"author":[{"embeddable":true,"href":"https:\/\/www.q-software-solutions.de\/blog\/wp-json\/wp\/v2\/users\/1"}],"replies":[{"embeddable":true,"href":"https:\/\/www.q-software-solutions.de\/blog\/wp-json\/wp\/v2\/comments?post=7177"}],"version-history":[{"count":0,"href":"https:\/\/www.q-software-solutions.de\/blog\/wp-json\/wp\/v2\/posts\/7177\/revisions"}],"wp:attachment":[{"href":"https:\/\/www.q-software-solutions.de\/blog\/wp-json\/wp\/v2\/media?parent=7177"}],"wp:term":[{"taxonomy":"category","embeddable":true,"href":"https:\/\/www.q-software-solutions.de\/blog\/wp-json\/wp\/v2\/categories?post=7177"},{"taxonomy":"post_tag","embeddable":true,"href":"https:\/\/www.q-software-solutions.de\/blog\/wp-json\/wp\/v2\/tags?post=7177"}],"curies":[{"name":"wp","href":"https:\/\/api.w.org\/{rel}","templated":true}]}}