{"id":7236,"date":"2018-11-07T10:16:23","date_gmt":"2018-11-07T09:16:23","guid":{"rendered":"https:\/\/www.q-software-solutions.de\/blog\/?p=7236"},"modified":"2018-11-07T10:16:23","modified_gmt":"2018-11-07T09:16:23","slug":"noch-ein-umerziehungsprojekt","status":"publish","type":"post","link":"https:\/\/www.q-software-solutions.de\/blog\/2018\/11\/noch-ein-umerziehungsprojekt\/","title":{"rendered":"Noch ein Umerziehungsprojekt"},"content":{"rendered":"<p>Auch ein Projekt der Umerziehung:<\/p>\n<blockquote class=\"wp-embedded-content\" data-secret=\"hxRpO2BrnL\"><p><a href=\"https:\/\/europa.blog\/de\/warum-brauchen-wir-eine-europaische-hochschule\/\">Warum brauchen wir eine Europ\u00e4ische Hochschule?<\/a><\/p><\/blockquote>\n<p><iframe loading=\"lazy\" class=\"wp-embedded-content\" sandbox=\"allow-scripts\" security=\"restricted\" style=\"position: absolute; visibility: hidden;\" title=\"&#8220;Warum brauchen wir eine Europ\u00e4ische Hochschule?&#8221; &#8212; Europa Blog\" src=\"https:\/\/europa.blog\/de\/warum-brauchen-wir-eine-europaische-hochschule\/embed\/#?secret=Ovp5F6nv4k#?secret=hxRpO2BrnL\" data-secret=\"hxRpO2BrnL\" width=\"600\" height=\"338\" frameborder=\"0\" marginwidth=\"0\" marginheight=\"0\" scrolling=\"no\"><\/iframe><\/p>\n<p>\u00c4tzend. Auf Diaspora habe ich daf\u00fcr festgehalten:<br \/>\n&#8222;Klar, nur fangen Sie doch einfach mal mit Argumenten an. Erst einmal geht es nicht um Europa sondern ein Projekt der EU. So wenn also die EU das m\u00f6chte, ich aber die EU in dieser Form nicht, dann brauche ich ganz bestimmt ohne ein weiteres Argument auch keine \u00e2\u20ac\u0153europ\u00e4ische Hochschule\u00e2\u20ac\u009d. Die EU ist ein Konstrukt der Exekutiven der einzelnen L\u00e4nder und ist was Gewaltenteilung etc angeht noch mangelhafter als diejenige in den Mitgliedsl\u00e4ndern.<\/p>\n<p>Aber nehmen wir mal an, ich wollte eine EU haben. Nun, ich kann absolut nicht erkennen, was eine europ\u00e4ische Hochschule vermitteln k\u00f6nnte was nicht auch eine nationale Uni k\u00f6nnte. Wenn ich also nur f\u00fcr eine subsidare EU bin, gibt es kein Argument pro \u00e2\u20ac\u0153EU-Hochschule\u00e2\u20ac\u009d<\/p>\n<p>Das einzige was ich dort an Ausbildung erwarten kann ist eine v\u00f6llig nutzlose neue Schicht von B\u00fcrokraten, selbst daf\u00fcr brauche ich keine EU-Universit\u00e4t, das schaffen die anderen Unis spielend.&#8220;<\/p>\n<p>Man diese Welt kotzt mich zunehmend an. EU als neue Religion, also ob der Glaube an Staat und den menschengemachten Klimawandel nicht schon reichte. Also ob mir der Weg in die neue sch\u00f6ne bunte aber doch nur gr\u00fcne Diktatur gefallen k\u00f6nne, Also ob ich endlich mal wieder eine Versuche br\u00e4uchte einen EU weiten Faschismus und Sozialismus zu bekommen.<\/p>\n<p>Boah wenn nur 47 % der noch w\u00e4hlenden so w\u00e4hlten wie ich, w\u00e4re die EU schon bald nur noch ein Albtraum an den man sich mit Grausen erinnert.<\/p>\n<p>Ich bin zu 100 % gegen diese Form der EU eingestellt. Ich f\u00fchle mich als Europ\u00e4er nicht als EU-Untertan oder EU-Sklave. Ich bin so was von einseitig f\u00fcr freien Handel f\u00fcr so wenig Staat wie es nur m\u00f6glich ist und wenn&#8216; keinen gibt soll es mir auch recht sein. Ich bin f\u00fcr so wenig Gesetze wie m\u00f6glich und so viel wie n\u00f6tig und dieses Gesetze sollten nur eins festhalten Recht. Kein Pseudorecht wie &#8222;Quoten f\u00fcr was f\u00fcr eine Idiotie&#8220; auch immer.<\/p>\n<p>All da bietet die EU maximal noch in Spurenelementen. Und ja was darf man dort als &#8222;Argument&#8220; lesen:<br \/>\n&#8222;Eine Europ\u00e4ische Hochschule \u00e2\u20ac\u00a6 schafft europ\u00e4ische Identit\u00e4t.<br \/>\nF\u00fchrende Politikerinnen und Politiker wie Emmanuel Macron und Jean-Claude Juncker sehen den Schl\u00fcssel zu einer europ\u00e4ischen Identit\u00e4t in Bildung und Kultur. Bisher gibt es vor allem nationale Studieng\u00e4nge mit lediglich l\u00e4nderspezifischen Abschl\u00fcssen. Einen europ\u00e4ischen Abschluss gibt es nicht. Dies ist jedoch notwendig, um im Sinne einer europ\u00e4ischen h\u00f6heren Bildung identit\u00e4tsstiftend zu wirken. Voraussetzung daf\u00fcr: eine europ\u00e4ische Instanz, die Inhalte und Anforderungen an einen solchen Hochschulabschluss festlegt und den Grad verleiht.&#8220;<\/p>\n<p>Oh ja mehr Staat und supranationale Vorschriften f\u00fcr das &#8222;Gute&#8220; &#8222;Sch\u00f6ne&#8220;. Oh ja eine staatliche Einrichtung die einem bescheinigt was f\u00fcr ein guter oder schlechter Untertan man doch ist. Ob man politisch korrekt genug ist um leben zu d\u00fcrfen&#8230;<\/p>\n<p>Und dann noch die eine andere neue Religion oder soll man schreiben Fanatismus?<br \/>\n&#8222;Die Europ\u00e4ische Hochschule \u00e2\u20ac\u00a6 f\u00f6rdert kulturelle und soziale Diversit\u00e4t.<\/p>\n<p>Oh ja nun sinke ich gleich auf die Knie. Ja ich mu\u00df aber so was von ein Diversit\u00e4tsliebhaber sein. Leckt mich &#8211; mu\u00df ich nicht. Wenn einer mein der m\u00fcsst seine Diversit\u00e4t an mir ausleben, dann kann er gerne seine Tracht Pr\u00fcgel einstecken, da\u00df ist dann meine Diversit\u00e4t die ich auslebe.<\/p>\n<p>Jeder der hier ein bisschen wach ist was mit Diverstit\u00e4t gemeint ist. Alle nur nicht was Normale noch eher als normal betrachten. Diversit\u00e4t in der benutzen Form bedeutet. Ich mu\u00df alle m\u00f6glichen Leute &#8222;gerne&#8220; haben, einfach weil Sie &#8222;divers&#8220; sind. einen Sch&#8230; mu\u00df ich. Wenn mich einer angreift dann ist es mir egal wie divers jemand ist, ich werde mich wehren &#8211; wenn ich kann. All das was normales Leben ausmacht geht doch gerade auch dann der EU-Idioten vor die Hunde.<\/p>\n<p>Verrecken sollen diese Verbrecher, das ist das angemessenste was ich denen w\u00fcnschen kann und will.<\/p>\n<p>Tja und woher weht der Wind f\u00fcr diesen Mist von hier:<br \/>\n&#8222;Zum Hintergrund<br \/>\nFrankreichs Staatspr\u00e4sident Emmanuel Macron hat in seiner vielbeachteten Rede an der Pariser Sorbonne im September 2017 die Gr\u00fcndung von 20 Europ\u00e4ischen Hochschulen bis zum Jahr 2024 gefordert. Er erhofft sich durch die F\u00f6rderung einer europ\u00e4ischen Bildungselite neuen Schwung f\u00fcr die Idee eines vereinten Europas. Studierende an solchen Universit\u00e4ten w\u00fcrden jedes Jahr ihres Studiums in einem anderen europ\u00e4ischen Land absolvieren.<\/p>\n<p>Ja ein neues Europa unter franz\u00f6sischer Herrschaft, und was anderes als ENA sollen diese Hochschulen sein? Es geht um noch weiter zentralisierte Macht, die Schulen sollen die neuen Herrschenden ausbilden und die Unterdr\u00fcckung f\u00fcr alle Anderen perfektionieren. All das gab es schon &#8211; speziell auch bei den Nazis nannte sich dort NPEA.<\/p>\n<p>Wer hier die Gefahr nicht erkennt, der soll sich am besten gleich f\u00fcr den Darwin &#8211; Award bewerben. Er\/Sie ist n\u00e4mlich dann f\u00fcr&#8217;s Weiterleben untauglich.<\/p>\n<p>Man was sch\u00e4ume ich vor Wut&#8230;.<br \/>\nVerfasst auf FB , geh\u00f6rt aber auf jeden Fall in mein Blog.<\/p>\n","protected":false},"excerpt":{"rendered":"<p>Auch ein Projekt der Umerziehung: Warum brauchen wir eine Europ\u00e4ische Hochschule? \u00c4tzend. Auf Diaspora habe ich daf\u00fcr festgehalten: &#8222;Klar, nur fangen Sie doch einfach mal mit Argumenten an. Erst einmal geht es nicht um Europa sondern ein Projekt der EU. So wenn also die EU das m\u00f6chte, ich aber die EU in dieser Form nicht, [&hellip;]<\/p>\n","protected":false},"author":1,"featured_media":0,"comment_status":"open","ping_status":"open","sticky":false,"template":"","format":"standard","meta":{"footnotes":""},"categories":[20],"tags":[4476,3994,7485],"class_list":["post-7236","post","type-post","status-publish","format-standard","hentry","category-politik","tag-diktatur","tag-eu-2","tag-nein"],"_links":{"self":[{"href":"https:\/\/www.q-software-solutions.de\/blog\/wp-json\/wp\/v2\/posts\/7236","targetHints":{"allow":["GET"]}}],"collection":[{"href":"https:\/\/www.q-software-solutions.de\/blog\/wp-json\/wp\/v2\/posts"}],"about":[{"href":"https:\/\/www.q-software-solutions.de\/blog\/wp-json\/wp\/v2\/types\/post"}],"author":[{"embeddable":true,"href":"https:\/\/www.q-software-solutions.de\/blog\/wp-json\/wp\/v2\/users\/1"}],"replies":[{"embeddable":true,"href":"https:\/\/www.q-software-solutions.de\/blog\/wp-json\/wp\/v2\/comments?post=7236"}],"version-history":[{"count":0,"href":"https:\/\/www.q-software-solutions.de\/blog\/wp-json\/wp\/v2\/posts\/7236\/revisions"}],"wp:attachment":[{"href":"https:\/\/www.q-software-solutions.de\/blog\/wp-json\/wp\/v2\/media?parent=7236"}],"wp:term":[{"taxonomy":"category","embeddable":true,"href":"https:\/\/www.q-software-solutions.de\/blog\/wp-json\/wp\/v2\/categories?post=7236"},{"taxonomy":"post_tag","embeddable":true,"href":"https:\/\/www.q-software-solutions.de\/blog\/wp-json\/wp\/v2\/tags?post=7236"}],"curies":[{"name":"wp","href":"https:\/\/api.w.org\/{rel}","templated":true}]}}