{"id":7349,"date":"2018-12-11T09:50:44","date_gmt":"2018-12-11T08:50:44","guid":{"rendered":"https:\/\/www.q-software-solutions.de\/blog\/?p=7349"},"modified":"2018-12-11T09:50:44","modified_gmt":"2018-12-11T08:50:44","slug":"wollen-wir-es-aus-diesem-blog-bringen","status":"publish","type":"post","link":"https:\/\/www.q-software-solutions.de\/blog\/2018\/12\/wollen-wir-es-aus-diesem-blog-bringen\/","title":{"rendered":"Wollen wir es aus diesem Blog bringen"},"content":{"rendered":"<p>Damit auch das ein f\u00fcr alle mal klar ist, und sich nicht noch mal jemand fragt warum ich-\u00a0<a class=\"_58cn\" href=\"https:\/\/www.facebook.com\/hashtag\/genderkrams?source=feed_text&amp;epa=HASHTAG\" data-ft=\"{&quot;type&quot;:104,&quot;tn&quot;:&quot;*N&quot;}\"><span class=\"_5afx\"><span class=\"_58cl _5afz\" aria-label=\"Hashtag\">#<\/span><span class=\"_58cm\">genderkrams<\/span><\/span><\/a>&#8211;\u00a0f\u00fcr-\u00a0<a class=\"_58cn\" href=\"https:\/\/www.facebook.com\/hashtag\/gendercrap?source=feed_text&amp;epa=HASHTAG\" data-ft=\"{&quot;type&quot;:104,&quot;tn&quot;:&quot;*N&quot;}\"><span class=\"_5afx\"><span class=\"_58cl _5afz\" aria-label=\"Hashtag\">#<\/span><span class=\"_58cm\">gendercrap<\/span><\/span><\/a>&#8211;\u00a0halte und weiterhin bin ich der Meinung, wen ich liebe oder auch nicht ist-\u00a0<a class=\"_58cn\" href=\"https:\/\/www.facebook.com\/hashtag\/privatsache?source=feed_text&amp;epa=HASHTAG\" data-ft=\"{&quot;type&quot;:104,&quot;tn&quot;:&quot;*N&quot;}\"><span class=\"_5afx\"><span class=\"_58cl _5afz\" aria-label=\"Hashtag\">#<\/span><span class=\"_58cm\">privatsache<\/span><\/span><\/a><br \/>\nRegenbogen und Farben<\/p>\n<p>Ist Ihnen aufgefallen, da\u00df es die Toleranz angeblich im Zeichen des Regenbogens steht? Welche Farben fehlen da? Genau Wei\u00df und Schwarz. Ja ich wei\u00df Schwarz ist das Fehlen aller Farben w\u00e4hrend wei\u00dfes Licht aus allen Regenbogenfarben besteht. Aber man kann Sie halt im Regenbogen nicht sehen. Somit meint bunt eben alle au\u00dfer Wei\u00dfe oder eben Schwarze. Ob das den \u00e2\u20ac\u0153Akzeptanten\u00e2\u20ac\u009d auff\u00e4llt?<\/p>\n<p>Im Grund sind alle \u00e2\u20ac\u0153erzwungenen\u00e2\u20ac\u009d Toleranzen, eine Ausgeburt an Intoleranz wie es kaum gr\u00f6\u00dfer geht. Wer eben bestimmte Leute nicht mag, ist b\u00f6se. Man mu\u00df bestimmte Leute aber nicht m\u00f6gen sonst wird man von den guten Menschen als intolerant bezeichnet. Also insgesamt eine sehr sehr selektive \u00e2\u20ac\u0153Wahrnehmung\u00e2\u20ac\u009d Interessanterweise ist die Gruppe die man nicht zu m\u00f6gen hat einfach nur normale M\u00e4nner und Frauen. Also M\u00e4nner die auf Frauen stehen und anders herum. Bei den Toleranten, darf man eben nicht nur als Mann Frauen m\u00f6gen sondern hat verdammt noch mal die Pflicht auch M\u00e4nner und Frauen zu m\u00f6gen und selbst wenn diese sexuell anders veranlagt sind.<\/p>\n<p>Es ist aber durchaus legitim als homosexueller Mann die heterosexuellen M\u00e4nner zu beschimpfen, speziell wenn diese eben Homosexuelle nicht m\u00f6gen wollen. Es gibt nat\u00fcrlich auch noch ein paar andere Sachen die man beliebig diskriminieren kann. Normale Ehen, Frauen die zu Hause bleiben und Kinder erziehen. Es ist v\u00f6llig in Ordnung gegen diese intolerant zu sein und zu beschimpfen. Eine normal veranlagter Mann wird dann homophob. Nicht das man da bei Ablehnung der Homosexualit\u00e4t bleibt, nein es wird eine unmotivierte Angst unterstellt. Wenn ich mir das ganze anschaue habe ich eher das Gef\u00fchl die Menschen unter dem Regenbogen sind heterophob. Haben also Angst vor dem normalen.<\/p>\n<p>Was mich wirklich massiv st\u00f6rt. Ich finde das Alles ist Privatsache und keinerlei Einstellung verdient es als Monstranz vor sich hergetragen zu werden. \u00dcberlegt man man mal gibt es wohl speziell Umz\u00fcge die nur auf die Sexualit\u00e4t von gleichgeschlechtlichen Vorlieben abzielen (die einzige Veranstaltung von der man das vielleicht f\u00fcr die Heteros sagen kann ist Karneval). Aber dar\u00fcber wird ja nur am Rande berichtet und hier in D ist die Sexualit\u00e4t bei Karnevalsumz\u00fcgen aber so was von versteckt. Laufen da die M\u00e4nner speziell mit gro\u00dfen Penisattrappen rum? Nein aber bei den Homo Umz\u00fcgen wird nur eben auf die Sexualit\u00e4t abgehoben. Und wie \u00e2\u20ac\u0153fortschrittlich\u00e2\u20ac\u009d man doch wohl ist. Tut mir leid, die sexuelle Ausrichtung ist keine Leistung. Das ist einfach mehr oder minder \u00e2\u20ac\u0153naturgegeben\u00e2\u20ac\u009d und die Natur hat entschieden, f\u00fcr die Fortpflanzung bleibt sie beim Modell m\u00e4nnlich\/weiblich. Und so sind eben mehr als 95% eben nicht homosexuell veranlagt. Tja aber im Namen des Regenbogens darf man diese 95 % beliebig verspotten, heruntermachen, karikieren oder was sonst noch. Aber wehe man dreht den Spie\u00df um \u00e2\u20ac\u201c dann hei\u00dft es gleich mal wieder homophob.<\/p>\n<p>F\u00fcr mich ist das ganze einfach nur noch ein Auswuchs von Krankheit, wenn an derartig pers\u00f6nliche Dinge in die \u00d6ffentlichkeit tr\u00e4gt, kann ich das nicht mehr als normal empfinden. Wir kranken wirklich an den Forderungen der Intoleranten, tolerant sein zu m\u00fcssen. Das wird nicht funktionieren. Je mehr diese Sachen in die \u00d6ffentlichkeit gezerrt werden desto st\u00e4rker wird der Widerstand dagegen auch werden. Toleranz kann man nicht erzwingen kein Gesetz gegen Intoleranz wird je daran etwas \u00e4ndern. Der dann steigende Ha\u00df sich gegen die eigene Einstellung stellen zu m\u00fcssen wird sich auf die eine oder andere Art einen Weg bahnen. Man mu\u00df nur lange genug jemanden immer mal wieder reizen \u00e2\u20ac\u201c dieser wird dann irgendwann explodieren. W\u00e4re es ein Fortschritt wenn wir an Homosexuellen mal wieder Gottesurteile vollstreckten?<\/p>\n<p>#gendercrap ist #crap und wird auch-\u00a0 mit #gender davor nicht besser.<\/p>\n","protected":false},"excerpt":{"rendered":"<p>Damit auch das ein f\u00fcr alle mal klar ist, und sich nicht noch mal jemand fragt warum ich-\u00a0#genderkrams&#8211;\u00a0f\u00fcr-\u00a0#gendercrap&#8211;\u00a0halte und weiterhin bin ich der Meinung, wen ich liebe oder auch nicht ist-\u00a0#privatsache Regenbogen und Farben Ist Ihnen aufgefallen, da\u00df es die Toleranz angeblich im Zeichen des Regenbogens steht? Welche Farben fehlen da? Genau Wei\u00df und Schwarz. [&hellip;]<\/p>\n","protected":false},"author":1,"featured_media":0,"comment_status":"open","ping_status":"open","sticky":false,"template":"","format":"standard","meta":{"footnotes":""},"categories":[20],"tags":[5535,7712],"class_list":["post-7349","post","type-post","status-publish","format-standard","hentry","category-politik","tag-gender-crap","tag-mist"],"_links":{"self":[{"href":"https:\/\/www.q-software-solutions.de\/blog\/wp-json\/wp\/v2\/posts\/7349","targetHints":{"allow":["GET"]}}],"collection":[{"href":"https:\/\/www.q-software-solutions.de\/blog\/wp-json\/wp\/v2\/posts"}],"about":[{"href":"https:\/\/www.q-software-solutions.de\/blog\/wp-json\/wp\/v2\/types\/post"}],"author":[{"embeddable":true,"href":"https:\/\/www.q-software-solutions.de\/blog\/wp-json\/wp\/v2\/users\/1"}],"replies":[{"embeddable":true,"href":"https:\/\/www.q-software-solutions.de\/blog\/wp-json\/wp\/v2\/comments?post=7349"}],"version-history":[{"count":0,"href":"https:\/\/www.q-software-solutions.de\/blog\/wp-json\/wp\/v2\/posts\/7349\/revisions"}],"wp:attachment":[{"href":"https:\/\/www.q-software-solutions.de\/blog\/wp-json\/wp\/v2\/media?parent=7349"}],"wp:term":[{"taxonomy":"category","embeddable":true,"href":"https:\/\/www.q-software-solutions.de\/blog\/wp-json\/wp\/v2\/categories?post=7349"},{"taxonomy":"post_tag","embeddable":true,"href":"https:\/\/www.q-software-solutions.de\/blog\/wp-json\/wp\/v2\/tags?post=7349"}],"curies":[{"name":"wp","href":"https:\/\/api.w.org\/{rel}","templated":true}]}}