{"id":7788,"date":"2019-06-13T06:22:42","date_gmt":"2019-06-13T04:22:42","guid":{"rendered":"https:\/\/www.q-software-solutions.de\/blog\/?p=7788"},"modified":"2019-06-13T14:09:36","modified_gmt":"2019-06-13T12:09:36","slug":"parforceritt-durch-dieses-blog","status":"publish","type":"post","link":"https:\/\/www.q-software-solutions.de\/blog\/2019\/06\/parforceritt-durch-dieses-blog\/","title":{"rendered":"Parforceritt durch dieses Blog"},"content":{"rendered":"<p>Oder: Was schreib ich seit Jahren?<br \/>\nAnlass? BNN vom 13.6.2019 Ausgabe N 135 S. 9<\/p>\n<p>Zitat:<\/p>\n<p>&#8222;Es klemmt an vielen Ecken&#8220;<br \/>\nImmobilienfirmen: Grundst\u00fcckmangel befeuert Wohnungnot\/ Das l\u00e4sst die Preise weiter in die H\u00f6he schnellen&#8220;<\/p>\n<p>Alleine schon die Wortwahl. Nehmen wir uns das einfach mal vor. &#8222;Grundst\u00fccksmangel&#8220;, tats\u00e4chlich, es gibt einen Mangel an Grundst\u00fccken. Schauen Sie mal aus Ihrem Fenster, klettern Sie mal etwas h\u00f6her und schauen sich um. Sehen Sie es wie es keinen Platz mehr gibt, oder sehen Sie auch Felder, W\u00e4lder, unbebaute Fl\u00e4chen in der Stadt?<\/p>\n<p>Wie kann es einen Mangel geben, wenn in D sogar derzeit noch immer erst rund 15% bebaut sind? Siehe u.A. https:\/\/www.n-tv.de\/panorama\/Taeglich-werden-81-Hektar-bebaut-article9963401.html<\/p>\n<p>Sie m\u00fcssen sich das beides zu Gem\u00fcte f\u00fchren dort&lt;.<br \/>\n&#8220;<\/p>\n<p>Allerdings bleibt das von der Bundesregierung festgelegte Ziel immer noch in weiter Ferne. In ihrer Nachhaltigkeitsstrategie strebt sie an, die t\u00e4gliche Inanspruchnahme neuer Siedlungs- und Verkehrsfl\u00e4chen bis zum 2020 auf durchschnittlich 30 Hektar pro Tag zu reduzieren.<\/p>\n<p>Ende 2011 nahmen Siedlungen, Stra\u00dfen sowie andere Verkehrsanlagen rund 47.971 Quadratkilometer in Anspruch. Das entspricht 13,4 Prozent der Bodenfl\u00e4che Deutschlands von 357.138 Quadratkilometern. Die W\u00e4lder sind zusammen 107.814 Quadratkilometer gro\u00df, was einem Anteil von 30,2 Prozent entspricht. Noch gr\u00f6\u00dfer ist die Landwirtschaftsfl\u00e4che mit 186.771 Quadratkilometer oder 52,3 Prozent.<\/p>\n<p>Siedlungs- und Verkehrsfl\u00e4chen sind nicht gleichzusetzen mit &#8222;versiegelter Fl\u00e4che&#8220;, da zu ihnen beispielsweise auch Gr\u00fcn- und Sportanlagen gerechnet werden.<br \/>\n&#8220;<\/p>\n<p>Ups gucke mal da, diese 15% sind noch nicht mal unbedingt verbaut. Man will aber insgesamt weniger Fl\u00e4che &#8222;zubauen&#8220;. Somit also klar einen Grundst\u00fcckmarkt gibt es in D nur genau in einem sehr eng vorgegebenen Rahmen. N\u00e4mlich im Bereich des Bebauungplans. Kurz der Mangel an Grundst\u00fccken ist hausgemacht und es ist volle Absicht den Mangel noch zu vergr\u00f6\u00dfern? Und da wunder man sich, da\u00df es zu h\u00f6heren Preisen kommt &#8211; und das sieht nach ernsthaft aus.<\/p>\n<p>Es geht aber heute in den BNN so weiter:<br \/>\n&#8222;Trotz aller Bem\u00fchungen von Kommunen und Landesregierung d\u00fcrfe sich die Wohnungsnot zuspitzen&#8220;<\/p>\n<p>Oh also auf einmal ist der Staat nicht schulld? Sie bem\u00fchen sich was zu erreichen? Mehr Fl\u00e4chen zu Verf\u00fcgung zu stellen?<\/p>\n<p>Es geht genauso irre weiter:<\/p>\n<p>&#8222;Nach Ende Mai ver\u00f6ffentlichten Daten, des Statistischen Landesamtes war die Zahl der Freigaben f\u00fcr Neubauten im ersten Quartal 2019 um ein F\u00fcnftel zur\u00fcckgegangen&#8220;<\/p>\n<p>&#8222;Wohnungsnot&#8220; sagt jemanden da etwas? Wie kann es wohl sein, da\u00df trotz eines angeblichen Riesenmangels die Baut\u00e4tigkeit zur\u00fcckgeht? Sie d\u00fcrfen beliebig oft raten:<br \/>\nDieses Blog und der Autor geben Ihnen ein paar &#8222;dezente&#8220; Tipps:<br \/>\nhttps:\/\/www.freiewelt.net\/blog\/mietwohnungsmarkt-10077082\/<\/p>\n<p>Dann schauen wir mal durch den Blog:<br \/>\nhttps:\/\/www.q-software-solutions.de\/blog\/?s=Mietpreisbremse<\/p>\n<p>Wir denken an Kosten wie Grunderwerbsteuer, Grundsteuer, Abgabenlasten auf Grundst\u00fccken. F\u00e4llt Ihnen das vielleicht ein gemeinsamer Faden auf?<br \/>\nZur (un)gef\u00e4lligen Betrachtung: https:\/\/www.q-software-solutions.de\/blog\/2018\/05\/kommentar-auf-quora\/?highlight=Mietpreisbremse<br \/>\nWas steht dort?<br \/>\n&#8220;<\/p>\n<div id=\"__w2_bts2eSb_expanded\" class=\"\">\n<div class=\"ui_qtext_expanded\">\n<p class=\"ui_qtext_para\">Bedanken Sie sich bei den Politikern. Fl\u00e4chen werden von staatlichen Angestellten ausgewiesen, die Bauauflagen kommen ebenfalls von staatlichen Angestellten und die <strong>Mietpreisbremse<\/strong> kommt von Ihren gew\u00e4hlten Abgeordneten. Sie haben es sich erw\u00e4hlt, und inzwischen g\u00f6nne ich jedem was er s\u00e4te.<\/p>\n<p class=\"ui_qtext_para\">Man wollte mehr Staat, man bekam mehr Staat.<\/p>\n<p class=\"ui_qtext_para\">K\u00f6nnte auch so in D sein: <span class=\"qlink_container\"><a class=\"external_link\" href=\"https:\/\/www.haufe.de\/immobilien\/entwicklung-vermarktung\/marktanalysen\/schweizer-wohnungsmarkt-droht-ueberangebot_84324_221098.html\" target=\"_blank\" rel=\"noopener nofollow noreferrer\" data-qt-tooltip=\"haufe.de\" data-tooltip=\"attached\">Schweizer Wohnungsmarkt droht \u00dcberangebot | Immobilien | Haufe<\/a><\/span><\/p>\n<p class=\"ui_qtext_para\">Die W\u00e4hler wollen Vollversorgung zum Nulltarif. Geht nicht und es zeigt sich in Mangel. Sei es Wohnungsmangel oder Land\u00e4rtztemangel oder angeblichen Fachkr\u00e4ftemangel. Mit Mangel k\u00f6nnen B\u00fcrokratien \u00fcberhaupt nicht umgehen und schon gar nicht beheben. K\u00f6nnte man wissen, k\u00f6nnte man beachten, wollen die W\u00e4hler aber nicht\u00e2\u20ac\u00a6.<\/p>\n<p class=\"ui_qtext_para\">Selbst gew\u00e4hlt und damit gerecht, wenn diese Wahl auf die W\u00e4hler zur\u00fcck f\u00e4llt<\/p>\n<\/div>\n<\/div>\n<p>Mein ungez\u00fcgelter Kommentar. Ein Gutmensch m\u00f6chte die Konsequenzen seines Tuns mal wieder den-b\u00f6sen-Kapitalisten anlasten. Gosh in Venezuela wahrscheinlich ein typischer Chavez W\u00e4hler und hier tippe ich auf Gr\u00fcn\/Linke\/SPD.<\/p>\n<p>Was g\u00f6nne ich diesen schlechten Menschen ihre \u201cunmenschliche\u201d Ernte.&#8220;<\/p>\n<p>Das &#8222;klemmt&#8220; an vielen Ecken kann man getrost in Fehler von Staatsangesteltlen und Gesetzen umschreiben. Oder noch k\u00fcrzer die Marktbehinderungen zeigen genau die zu erwartenden Auswirkungen. Es sind genau die Probleme die Politik urs\u00e4chlich zu verantworten hat.<\/p>\n<p>In einem Markt, sind steigende Preise ein Anzeiger f\u00fcr Knappheit, das bekommt sogar die BNN auf die Reihe. Steigende Preise k\u00f6nnen wirksam durch Begrenzungen nicht aufgehalten werden. Im Gegenteil, bleiben die Preise gleich, kann sich der Nachfrager im Endeffekt mehr von dem Gut leisten. Er kann also auch mehr Wohnraum f\u00fcr sich &#8222;belegen&#8220;.<br \/>\nMan lese &#8211; wenn man es noch mag: https:\/\/www.q-software-solutions.de\/blog\/2018\/07\/sozialistische-unlogik\/?highlight=Mietpreisbremse<\/p>\n<p>Und noch etwas im gleichen Sinn:<\/p>\n<blockquote class=\"wp-embedded-content\" data-secret=\"l6Y6fbNv35\"><p><a href=\"https:\/\/www.q-software-solutions.de\/blog\/2018\/02\/ich-traue-fb-nicht\/\">Ich traue FB nicht<\/a><\/p><\/blockquote>\n<p><iframe loading=\"lazy\" class=\"wp-embedded-content\" sandbox=\"allow-scripts\" security=\"restricted\" style=\"position: absolute; visibility: hidden;\" title=\"&#8222;Ich traue FB nicht&#8220; &#8212; Beim n\u00e4chsten Geld wird alles anders\" src=\"https:\/\/www.q-software-solutions.de\/blog\/2018\/02\/ich-traue-fb-nicht\/embed\/#?secret=wu42WhX9Vx#?secret=l6Y6fbNv35\" data-secret=\"l6Y6fbNv35\" width=\"600\" height=\"338\" frameborder=\"0\" marginwidth=\"0\" marginheight=\"0\" scrolling=\"no\"><\/iframe><\/p>\n<p>Die Probleme sind zu 100 % durch Poltiik verursacht die Markt ausschalten. Das wird aber nat\u00fcrlich in der L\u00fccken odder Systempresse nicht betont. Weil &#8211; na ja weil es eben die Systempresse ist !<\/p>\n<p>Beweisbar wurden Sie von mir und Anderen gewarnt. Ihr Glaube an Staat und dessen Qualit\u00e4ten f\u00fchren zu derartigem Situationen, \u00fcber die Sie nun jammern. Sie haben es sich mit Ihrm Wahlverhalten zu \u00fcber 94% genau so gew\u00e4hlt.\u00a0 Es geschieht Ihnen recht !<\/p>\n<p>Und dann finde ich heute das: https:\/\/www.zdf.de\/dokumentation\/zdfzoom\/zdfzoom-das-drama-um-die-sozialwohnungen-100.html<\/p>\n","protected":false},"excerpt":{"rendered":"<p>Oder: Was schreib ich seit Jahren? Anlass? BNN vom 13.6.2019 Ausgabe N 135 S. 9 Zitat: &#8222;Es klemmt an vielen Ecken&#8220; Immobilienfirmen: Grundst\u00fcckmangel befeuert Wohnungnot\/ Das l\u00e4sst die Preise weiter in die H\u00f6he schnellen&#8220; Alleine schon die Wortwahl. Nehmen wir uns das einfach mal vor. &#8222;Grundst\u00fccksmangel&#8220;, tats\u00e4chlich, es gibt einen Mangel an Grundst\u00fccken. Schauen Sie [&hellip;]<\/p>\n","protected":false},"author":1,"featured_media":0,"comment_status":"open","ping_status":"open","sticky":false,"template":"","format":"standard","meta":{"footnotes":""},"categories":[321,247,7763,166,84,1709,7786,345,20,9,26],"tags":[4570,5885,4653],"class_list":["post-7788","post","type-post","status-publish","format-standard","hentry","category-buerokrtatie","category-dummheit","category-eigentum","category-enteignung","category-freiheit","category-fud","category-gesetze","category-gutmenschen","category-politik","category-wahl","category-wirtschaft","tag-bnn","tag-ernten","tag-zeitung"],"_links":{"self":[{"href":"https:\/\/www.q-software-solutions.de\/blog\/wp-json\/wp\/v2\/posts\/7788","targetHints":{"allow":["GET"]}}],"collection":[{"href":"https:\/\/www.q-software-solutions.de\/blog\/wp-json\/wp\/v2\/posts"}],"about":[{"href":"https:\/\/www.q-software-solutions.de\/blog\/wp-json\/wp\/v2\/types\/post"}],"author":[{"embeddable":true,"href":"https:\/\/www.q-software-solutions.de\/blog\/wp-json\/wp\/v2\/users\/1"}],"replies":[{"embeddable":true,"href":"https:\/\/www.q-software-solutions.de\/blog\/wp-json\/wp\/v2\/comments?post=7788"}],"version-history":[{"count":0,"href":"https:\/\/www.q-software-solutions.de\/blog\/wp-json\/wp\/v2\/posts\/7788\/revisions"}],"wp:attachment":[{"href":"https:\/\/www.q-software-solutions.de\/blog\/wp-json\/wp\/v2\/media?parent=7788"}],"wp:term":[{"taxonomy":"category","embeddable":true,"href":"https:\/\/www.q-software-solutions.de\/blog\/wp-json\/wp\/v2\/categories?post=7788"},{"taxonomy":"post_tag","embeddable":true,"href":"https:\/\/www.q-software-solutions.de\/blog\/wp-json\/wp\/v2\/tags?post=7788"}],"curies":[{"name":"wp","href":"https:\/\/api.w.org\/{rel}","templated":true}]}}