{"id":7833,"date":"2019-06-27T06:36:47","date_gmt":"2019-06-27T04:36:47","guid":{"rendered":"https:\/\/www.q-software-solutions.de\/blog\/?p=7833"},"modified":"2019-11-19T07:30:10","modified_gmt":"2019-11-19T06:30:10","slug":"das-deutsche-grundgesetz-artikel-8","status":"publish","type":"post","link":"https:\/\/www.q-software-solutions.de\/blog\/2019\/06\/das-deutsche-grundgesetz-artikel-8\/","title":{"rendered":"Das deutsche Grundgesetz &#8211; Artikel 8"},"content":{"rendered":"<div id=\"pfeileoben\" class=\"clearfix\">\n<h1 id=\"normueberschrift\">Art. 8<\/h1>\n<\/div>\n<div id=\"gesetzestext\" class=\"clearfix\">\n<p id=\"g1\"><a id=\"Abs1\" class=\"anker\"><\/a>(1) Alle Deutschen haben das Recht, sich ohne Anmeldung oder Erlaubnis friedlich und ohne Waffen zu versammeln.<\/p>\n<p id=\"g2\"><a id=\"Abs2\" class=\"anker\"><\/a>(2) F\u00fcr Versammlungen unter freiem Himmel kann dieses Recht durch Gesetz oder auf Grund eines Gesetzes beschr\u00e4nkt werden.<\/p>\n<p>Eigentlich in Ordnung, man kann sogar Abs 2 verstehen. Was allerdings nicht sein mu\u00df,, &#8222;ohne Waffen&#8220;<\/p>\n<p>Insgesamt k\u00f6nnte das bleiben:<\/p>\n<p>&#8222;Alle Deutschen haben das Recht, sich ohne Anmeldung oder Erlaubnis friedlich zu versammeln.&#8220;<\/p>\n<p>So reicht es denke ich wieder mal maximal zu einer 2-3.<\/p>\n<\/div>\n","protected":false},"excerpt":{"rendered":"<p>Art. 8 (1) Alle Deutschen haben das Recht, sich ohne Anmeldung oder Erlaubnis friedlich und ohne Waffen zu versammeln. (2) F\u00fcr Versammlungen unter freiem Himmel kann dieses Recht durch Gesetz oder auf Grund eines Gesetzes beschr\u00e4nkt werden. Eigentlich in Ordnung, man kann sogar Abs 2 verstehen. Was allerdings nicht sein mu\u00df,, &#8222;ohne Waffen&#8220; Insgesamt k\u00f6nnte [&hellip;]<\/p>\n","protected":false},"author":1,"featured_media":0,"comment_status":"open","ping_status":"open","sticky":false,"template":"","format":"standard","meta":{"footnotes":""},"categories":[7838,84,93,7851,20,138],"tags":[7857],"class_list":["post-7833","post","type-post","status-publish","format-standard","hentry","category-deutschland","category-freiheit","category-gewalt","category-grundgesetz","category-politik","category-recht","tag-versammlungsfreiheit"],"_links":{"self":[{"href":"https:\/\/www.q-software-solutions.de\/blog\/wp-json\/wp\/v2\/posts\/7833","targetHints":{"allow":["GET"]}}],"collection":[{"href":"https:\/\/www.q-software-solutions.de\/blog\/wp-json\/wp\/v2\/posts"}],"about":[{"href":"https:\/\/www.q-software-solutions.de\/blog\/wp-json\/wp\/v2\/types\/post"}],"author":[{"embeddable":true,"href":"https:\/\/www.q-software-solutions.de\/blog\/wp-json\/wp\/v2\/users\/1"}],"replies":[{"embeddable":true,"href":"https:\/\/www.q-software-solutions.de\/blog\/wp-json\/wp\/v2\/comments?post=7833"}],"version-history":[{"count":0,"href":"https:\/\/www.q-software-solutions.de\/blog\/wp-json\/wp\/v2\/posts\/7833\/revisions"}],"wp:attachment":[{"href":"https:\/\/www.q-software-solutions.de\/blog\/wp-json\/wp\/v2\/media?parent=7833"}],"wp:term":[{"taxonomy":"category","embeddable":true,"href":"https:\/\/www.q-software-solutions.de\/blog\/wp-json\/wp\/v2\/categories?post=7833"},{"taxonomy":"post_tag","embeddable":true,"href":"https:\/\/www.q-software-solutions.de\/blog\/wp-json\/wp\/v2\/tags?post=7833"}],"curies":[{"name":"wp","href":"https:\/\/api.w.org\/{rel}","templated":true}]}}