{"id":8247,"date":"2019-12-07T10:41:27","date_gmt":"2019-12-07T09:41:27","guid":{"rendered":"https:\/\/www.q-software-solutions.de\/blog\/?p=8247"},"modified":"2019-12-07T10:41:27","modified_gmt":"2019-12-07T09:41:27","slug":"man-muss-schon-die-quellen-zu-rate-ziehen","status":"publish","type":"post","link":"https:\/\/www.q-software-solutions.de\/blog\/2019\/12\/man-muss-schon-die-quellen-zu-rate-ziehen\/","title":{"rendered":"Man mu\u00df schon die Quellen zu Rate ziehen"},"content":{"rendered":"<p>Soviel &#8222;Spa\u00df&#8220; am Wochenende:<br \/>\nhttps:\/\/www.tagesspiegel.de\/berlin\/verstoesst-berliner-gesetz-gegen-verfassung-bundesinnenministerium-stellt-mietendeckel-vernichtendes-gutachten-aus\/25298328.html?utm_source=pocket-newtab<\/p>\n<p>&#8222;Verfassung&#8220; &#x1f923;<\/p>\n<p>Weiterhin, so eindeutig wie geschrieben, ist es nicht:<br \/>\nhttps:\/\/www.tagesspiegel.de\/downloads\/25299706\/2\/verfassungsrechtliche-bewertung-mietendeckel.pdf<\/p>\n<p>Kann man beim \u00dcberfliegen ds Gutachtens feststellen:<br \/>\n&#8222;- 7 &#8211; 7 Ferner \u00e4ndert auch ein Verweis auf Art. 28 Abs. 1 der Verfassung von Berlin nichts an diesem  Ergebnis  (so  aber Mayer\/Artz,  \u00d6ffentlich-rechtliche  und  privatrechtliche Aspekte eines \u201eMietendeckels\u201c f\u00fcr das Land Berlin, S. 14). Art. 28 Abs. 1 besagt, dass jeder  Mensch  das  Recht  auf  angemessenen  Wohnraum  hat.  Derartige Staatszielbestimmungen k\u00f6nnen jedoch Handlungspflichten des Landesgesetzgebers nur im Rahmen der grundgesetzlichen Kompetenzordnung begr\u00fcnden. Andernfalls w\u00fcrde das Landesrecht die grundgesetzliche Kompetenzverteilung untergraben, was zur  Folge  h\u00e4tte,  das  von  Bundesland  zu  Bundesland  ein  unterschiedliches Bundesverfassungsrecht gelten w\u00fcrde (Papier, Rechtsgutachterliche Stellungnahme im Auftrag des Bundesverbands deutscher Wohnungs- und Immobilienunternehmen, Gutachten 2019, S. 7). Mithin komm dem Bund vorliegend eine umfassende Gesetzgebungskompetenz aus Art. 74 Abs. 1 Nr. 1 GG zu, was eine Sperrwirkung f\u00fcr den Landesgesetzgeber zur Folge  hat.  Ein  entsprechendes  Berliner  Landesgesetz  zur  Einf\u00fchrung  eines \u201eMietendeckels\u201c w\u00e4re damit formell verfassungswidrig.  II. Vereinbarkeit  einer  gesetzlichen  Einf\u00fchrung  eines  Mietendeckels  mit Art. 14 GG A. Zusammenfassung \uf0b7  Der  Gesetzentwurf  greift  in die  Eigentumsfreiheit der Wohnungseigent\u00fcmer (und ihre Vertragsfreiheit) ein. \uf0b7  Der  gesetzgeberische  Zweck,  durch  die  Begrenzung  der  Mieth\u00f6he  der Verdr\u00e4ngung  wirtschaftlich  weniger  leistungsf\u00e4higer  Bev\u00f6lkerungsgruppen entgegenzuwirken, liegt nach der Rechtsprechung des BVerfG im \u00f6ffentlichen Interesse (Verhinderung der Gentrifizierung ist Gemeinwohlbelang). \uf0b7  Der Gesetzentwurf d\u00fcrfte geeignet und erforderlich sein, den o.g. Zweck zu erreichen. \uf0b7  Problematisch ist die Zumutbarkeit: Ob die durch Art. 14 Abs. 1 GG gesch\u00fctzten Interessen  der  Eigent\u00fcmer  derart  weit  in  den  Hintergrund  gestellt  werden d\u00fcrfen, wie es der Gesetzentwurf vorsieht, erscheint zweifelhaft.<br \/>\n&#8211; 8 &#8211; 8 \uf0b7  Vom sog. Mietenstopp werden unterschiedslos alle Vermieter erfasst, auch solche, die bislang nur geringe Mieten verlangt haben. Dies ist auch unter Art. 3 GG-Aspekten problematisch. \uf0b7  Die  Mietobergrenze  versetzt  die  zul\u00e4ssige  Miete  auf  den  Stand  des Mietspiegels von 2013 (basierend auf den Mieten der Jahre 2008-2012). Die seit dieser Zeit gestiegenen Preise (im Baugewerbe f\u00fcr Instandhaltung sowie sonstige f\u00fcr das Grundeigentum typische Kosten), bleiben unber\u00fccksichtigt. \uf0b7  Aus dem gleichen Grund erscheint auch die Kappung zu hoher Bestandsmieten (\u201eWuchermiete\u201c)  problematisch.  Bezugspunkt  ist  hier  wiederum  die  2013 orts\u00fcbliche Miete. Ob 120 % der 2013 orts\u00fcblichen Miete bereits als Grenze zur \u201eWuchermiete\u201c angesehen werden kann, erscheint zweifelhaft. \uf0b7  Es  fehlt  an  einer  gesetzlichen  Absicherung  f\u00fcr  Eigent\u00fcmer,  um  eine (verfassungswidrige)    Substanzverletzung    auszuschlie\u00dfen,    wenn Eigent\u00fcmer\/Vermieter  erhebliche  Investitionen  (energetische  Sanierung) get\u00e4tigt haben. Eine Abmilderung ist lediglich \u00fcber die H\u00e4rtefallklausel m\u00f6glich. \uf0b7  Es ist zudem durch den Gesetzentwurf selbst nicht abgesichert, dass durch die Vermietung  auch  ein  Ertrag,  der  zur  finanziellen  Grundlage  f\u00fcr  die  eigene Lebensgestaltung beitr\u00e4gt, erwirtschaftet werde&#8220;&#8220;<\/p>\n<p>Kurz der Zweck soll damit erreichbar sein. Das es zu einer Knappheit kommen k\u00f6nnte wird nicht thematisiert !<\/p>\n<p>&#8222;Der Gesetzentwurf d\u00fcrfte geeignet und erforderlich sein, den o.g. Zweck zu erreichen.&#8220;<\/p>\n<p>Es sind Kleinigkeiten und ich kann die vernichtende Kritik nicht sehen.<\/p>\n<p>Sie m\u00fcssen dazu unbedingt den Teil lesen:<br \/>\nB. Wesentliche Erw\u00e4gungen<\/p>\n<p>Kurz, der Tagesspiegel \u00fcbertreibt &#8211; leider&#8230;.<\/p>\n<p>Wie vernichtend es f\u00fcr Vermieter ist, steht dort auch:<br \/>\n&#8220; Auf dem sozialpolitisch  umstrittenen  Gebiet  des  Mietrechts m\u00fcssen  Vermieter mit  h\u00e4ufigen Gesetzes\u00e4nderungen  rechnen  und  k\u00f6nnen nicht  auf  den  Fortbestand einer  ihnen g\u00fcnstigen  Rechtslage  vertrauen. &#8220;<\/p>\n<p>Kurz Vermieter m\u00fcssen immer damit rechnen, da\u00df in bestehende Vertr\u00e4ge eingegriffen wird. Und das wird durch das Gutachten best\u00e4rkt. <\/p>\n<p>Kurz der Autor beim Tagesspiegel kann entweder nicht lesen oder er kann nicht verstehend lesen. <\/p>\n<p>Es gibt einige &#8222;Bedenken&#8220;<br \/>\n&#8222;Ob die Interessen der Eigent\u00fcmer\/Vermieter jedoch derart weit in den Hintergrund gestellt  werden  d\u00fcrfen,  wie  der  Gesetzentwurf  es  vorsieht,  erscheint  in  einigen Punkten zweifelhaft: &#8220;<\/p>\n<p>Und die folgen dann in den Punkten aa &#8211; ee und der letzte Absatz.<\/p>\n<p>Bedenken sind nicht &#8222;vernichtend&#8220; &#8230; Das Gutachten gesteht diesem Ding zu funktionieren zu k\u00f6nnen.  <\/p>\n<p>Das wird nicht funktionieren !<\/p>\n","protected":false},"excerpt":{"rendered":"<p>Soviel &#8222;Spa\u00df&#8220; am Wochenende: https:\/\/www.tagesspiegel.de\/berlin\/verstoesst-berliner-gesetz-gegen-verfassung-bundesinnenministerium-stellt-mietendeckel-vernichtendes-gutachten-aus\/25298328.html?utm_source=pocket-newtab &#8222;Verfassung&#8220; &#x1f923; Weiterhin, so eindeutig wie geschrieben, ist es nicht: https:\/\/www.tagesspiegel.de\/downloads\/25299706\/2\/verfassungsrechtliche-bewertung-mietendeckel.pdf Kann man beim \u00dcberfliegen ds Gutachtens feststellen: &#8222;- 7 &#8211; 7 Ferner \u00e4ndert auch ein Verweis auf Art. 28 Abs. 1 der Verfassung von Berlin nichts an diesem Ergebnis (so aber Mayer\/Artz, \u00d6ffentlich-rechtliche und privatrechtliche Aspekte eines \u201eMietendeckels\u201c f\u00fcr [&hellip;]<\/p>\n","protected":false},"author":1,"featured_media":0,"comment_status":"open","ping_status":"open","sticky":false,"template":"","format":"standard","meta":{"footnotes":""},"categories":[98,7878,7766],"tags":[],"class_list":["post-8247","post","type-post","status-publish","format-standard","hentry","category-betrug","category-bildung","category-zeitung"],"_links":{"self":[{"href":"https:\/\/www.q-software-solutions.de\/blog\/wp-json\/wp\/v2\/posts\/8247","targetHints":{"allow":["GET"]}}],"collection":[{"href":"https:\/\/www.q-software-solutions.de\/blog\/wp-json\/wp\/v2\/posts"}],"about":[{"href":"https:\/\/www.q-software-solutions.de\/blog\/wp-json\/wp\/v2\/types\/post"}],"author":[{"embeddable":true,"href":"https:\/\/www.q-software-solutions.de\/blog\/wp-json\/wp\/v2\/users\/1"}],"replies":[{"embeddable":true,"href":"https:\/\/www.q-software-solutions.de\/blog\/wp-json\/wp\/v2\/comments?post=8247"}],"version-history":[{"count":0,"href":"https:\/\/www.q-software-solutions.de\/blog\/wp-json\/wp\/v2\/posts\/8247\/revisions"}],"wp:attachment":[{"href":"https:\/\/www.q-software-solutions.de\/blog\/wp-json\/wp\/v2\/media?parent=8247"}],"wp:term":[{"taxonomy":"category","embeddable":true,"href":"https:\/\/www.q-software-solutions.de\/blog\/wp-json\/wp\/v2\/categories?post=8247"},{"taxonomy":"post_tag","embeddable":true,"href":"https:\/\/www.q-software-solutions.de\/blog\/wp-json\/wp\/v2\/tags?post=8247"}],"curies":[{"name":"wp","href":"https:\/\/api.w.org\/{rel}","templated":true}]}}