{"id":8751,"date":"2020-04-02T07:20:07","date_gmt":"2020-04-02T05:20:07","guid":{"rendered":"https:\/\/www.q-software-solutions.de\/blog\/?p=8751"},"modified":"2020-04-03T07:25:44","modified_gmt":"2020-04-03T05:25:44","slug":"broschuere-von-denunzianten","status":"publish","type":"post","link":"https:\/\/www.q-software-solutions.de\/blog\/2020\/04\/broschuere-von-denunzianten\/","title":{"rendered":"Brosch\u00fcre von Denunzianten"},"content":{"rendered":"<p>Priorit\u00e4ten bei Linken Denunziantenorganisationen:<\/p>\n<blockquote class=\"wp-embedded-content\" data-secret=\"MXImk26QXg\"><p><a href=\"https:\/\/www.belltower.news\/neue-broschuere-von-civic-net-so-koennen-sie-auf-hate-speech-reagieren-97605\/\">Neue Brosch\u00fcre von Civic.net: So k\u00f6nnen Sie auf Hate Speech reagieren<\/a><\/p><\/blockquote>\n<p><iframe loading=\"lazy\" class=\"wp-embedded-content\" sandbox=\"allow-scripts\" security=\"restricted\" style=\"position: absolute; visibility: hidden;\" title=\"&#8222;Neue Brosch\u00fcre von Civic.net: So k\u00f6nnen Sie auf Hate Speech reagieren&#8220; &#8212; Belltower.News\" src=\"https:\/\/www.belltower.news\/neue-broschuere-von-civic-net-so-koennen-sie-auf-hate-speech-reagieren-97605\/embed\/#?secret=F8tKpPJT5U#?secret=MXImk26QXg\" data-secret=\"MXImk26QXg\" width=\"600\" height=\"338\" frameborder=\"0\" marginwidth=\"0\" marginheight=\"0\" scrolling=\"no\"><\/iframe><\/p>\n<p>Ach ja neue Gesetze mit mehr B\u00fcrokratie sind auch f\u00fcr FB beschlossen worden. Jetzt wissen Sie was f\u00fcr Politiker und Linke wirklich wichtig ist !<\/p>\n<p>Von eben dem Link<br \/>\n&#8222;Hate Speech bedroht die Meinungsfreiheit \u2013 darum m\u00fcssen alle dagegen aktiv werden&#8220;<\/p>\n<p>Der Kampf gegen  die Hate-speech schr\u00e4nkt nat\u00fcrlich die Meinungsfreiheit \u00fcberhaupt nicht ein. Was ist denn Hate-Speech? Geh arbeiten?<\/p>\n<p>&#8222;Auch Institutionen, Organisationen und engagierte Unternehmen sind von Hassrede betroffen \u2013 Sie sollten sie nicht ignorieren&#8220;<\/p>\n<p>Tja, wer eben sagt AAS ist eine Denunziantenorganisation, das sollte man doch unterbinden, auch wenn es stimmt. Das AAS eine IM vorsteht die andere Menschen schon denunzierte ist wohl auch schon &#8222;Hass&#8220;<\/p>\n<p>&#8222;Strafrechtlich relevante Aussagen anzeigen und melden&#8220;<\/p>\n<p>Genau  wir brauchen mehr Blockwarte !<\/p>\n<p>&#8222;Verbergen Sie Inhalte, die gegen Ihre Netiquette versto\u00dfen&#8220;<\/p>\n<p>OMG, das ist noch schlimmer als gegen hate-speech. Wenn sie damit einen der keine Ahnung 200 Geschlechter angehen, dann kann das schon ein Versto\u00df, sein. F\u00fcr FB hei\u00dft es, alles  was irgendjemanden beleidigen oder kritisieren k\u00f6nnte, evtl in die Tonne treten<\/p>\n<p>&#8222;Unterst\u00fctzen Sie demokratische Argumente&#8220;<\/p>\n<p>Tja wenn Sie sich f\u00fcr Rechte von Einzelnen einsetzen versto\u00dfen Sie schon dagegen. Demokratie ist die Diktatur einer ganz kleinen Gruppe, die selber demokratisch im Sinne von &#8222;durch das Volk&#8220;  nicht diszipliniert werden kann. Unser System hei\u00dft eben &#8222;repr\u00e4sentative Demokratie<\/p>\n<p>&#8222;Sachlich, solidarisch, humorvoll: Geben Sie den Grundton der Debatte vor&#8220;<\/p>\n<p>Ironisch wenn die Hetzer sich selber daran nicht halten. Gehen wir mal sachlich ran, sagen wir wir fordern einfach nur mal Beweise f\u00fcr sagen wir Moslemfeindlchkeit gegen\u00fcber sagen wir mal Feindlichkeit gegen Deutsche (wohl immer noch mehrheitlich Christen) Verlangen wir Beweise f\u00fcr den allein menschengemachten Klimawandel.  Oder noch aktueller. Wie sieht es mit der empirischen Belastbarkeit der Daten zu Corona aus?<\/p>\n<p>Was hei\u00dft solidarisch? Warum soll man das &#8222;m\u00fcssen&#8220; wenn ihnen jemand das Leben nehmen will, warum soll man sich mit dem solidarisieren?<\/p>\n<p>&#8222;Nehmen Sie Kritik von Betroffenen ernst<\/p>\n<p>Ach klar, wenn sich Ihnen gegen\u00fcber ein 3 Zentner Mann als 5 j\u00e4hriges M\u00e4dchen identifiziert, dann nehmen sie das ernst &#8211; irre!<\/p>\n<p>&#8222;Betreiben Sie Gegenrede&#8220;<\/p>\n<p>Ja, mach ich und schreibe gegen die Verbrecher dieses Pamphletes an<\/p>\n","protected":false},"excerpt":{"rendered":"<p>Priorit\u00e4ten bei Linken Denunziantenorganisationen: Neue Brosch\u00fcre von Civic.net: So k\u00f6nnen Sie auf Hate Speech reagieren Ach ja neue Gesetze mit mehr B\u00fcrokratie sind auch f\u00fcr FB beschlossen worden. Jetzt wissen Sie was f\u00fcr Politiker und Linke wirklich wichtig ist ! Von eben dem Link &#8222;Hate Speech bedroht die Meinungsfreiheit \u2013 darum m\u00fcssen alle dagegen aktiv [&hellip;]<\/p>\n","protected":false},"author":1,"featured_media":0,"comment_status":"open","ping_status":"open","sticky":false,"template":"","format":"standard","meta":{"footnotes":""},"categories":[7878,247,7736,84,1709,7917,93,345,7932,7879,40,20,7845,7777,963],"tags":[],"class_list":["post-8751","post","type-post","status-publish","format-standard","hentry","category-bildung","category-dummheit","category-erziehung","category-freiheit","category-fud","category-gerechtigkeit","category-gewalt","category-gutmenschen","category-hohn","category-logik","category-luegen","category-politik","category-terror","category-unrecht","category-willkuer"],"_links":{"self":[{"href":"https:\/\/www.q-software-solutions.de\/blog\/wp-json\/wp\/v2\/posts\/8751","targetHints":{"allow":["GET"]}}],"collection":[{"href":"https:\/\/www.q-software-solutions.de\/blog\/wp-json\/wp\/v2\/posts"}],"about":[{"href":"https:\/\/www.q-software-solutions.de\/blog\/wp-json\/wp\/v2\/types\/post"}],"author":[{"embeddable":true,"href":"https:\/\/www.q-software-solutions.de\/blog\/wp-json\/wp\/v2\/users\/1"}],"replies":[{"embeddable":true,"href":"https:\/\/www.q-software-solutions.de\/blog\/wp-json\/wp\/v2\/comments?post=8751"}],"version-history":[{"count":0,"href":"https:\/\/www.q-software-solutions.de\/blog\/wp-json\/wp\/v2\/posts\/8751\/revisions"}],"wp:attachment":[{"href":"https:\/\/www.q-software-solutions.de\/blog\/wp-json\/wp\/v2\/media?parent=8751"}],"wp:term":[{"taxonomy":"category","embeddable":true,"href":"https:\/\/www.q-software-solutions.de\/blog\/wp-json\/wp\/v2\/categories?post=8751"},{"taxonomy":"post_tag","embeddable":true,"href":"https:\/\/www.q-software-solutions.de\/blog\/wp-json\/wp\/v2\/tags?post=8751"}],"curies":[{"name":"wp","href":"https:\/\/api.w.org\/{rel}","templated":true}]}}