{"id":8889,"date":"2020-06-22T15:44:47","date_gmt":"2020-06-22T13:44:47","guid":{"rendered":"https:\/\/www.q-software-solutions.de\/blog\/?p=8889"},"modified":"2020-06-22T15:46:17","modified_gmt":"2020-06-22T13:46:17","slug":"heute-mal-ueber-einen-anderen-blog","status":"publish","type":"post","link":"https:\/\/www.q-software-solutions.de\/blog\/2020\/06\/heute-mal-ueber-einen-anderen-blog\/","title":{"rendered":"Heute mal \u00fcber einen anderen Blog"},"content":{"rendered":"<p>Genau diesen Artikel:<br \/>\nhttps:\/\/citronimus.de\/its-party-time\/<\/p>\n<p>Den, ich leider dort nicht kommentieren kann, also hier. Ich habe es hier in Parteikorrektes Deutsch &#8222;\u00fcbersetzt&#8220;<\/p>\n<p>https:\/\/parteidervernunft.de\/das-recht-auch-auf-bewaffnete-selbstverteidigung-von-f-dominicus\/<\/p>\n<p>Wo genau hat die Polizei hier Ihre Aufgabe erf\u00fcllt? Was ist mit den Ausschreitungen die immer am 1. Mai stattfinden, was mit den vielen Eigentumsdelikten wenn die Antifa &#8222;protestiert&#8220;. Wo genau wurden die Stuttgart von der Polizei gesch\u00fctzt. Wer belangt die\u00a0 Zerst\u00f6rer?<\/p>\n<p>Ich vermisse in dem Artikel die klare Forderung, da\u00df sich jeder gegen solche Verbrecher auch mit Waffen wehren kann\/darf\/sollte. Es kann nicht sein, da\u00df es hier offensichtlich f\u00fcr manche keine Konsequenzen aus Verbrechen gibt, f\u00fcr andere schon kapitale Strafen bei kleinsten Vergehen. Was ist mit den leider zu vielen Frauen die von &#8222;Fl\u00fcchtlingen&#8220; ermordet oder vergewaltigt wurden? Warum geht die Polizei nicht gegen das Brechen von Art 16 a vor? Wo war die sch\u00fctzende Polizei in Stuttgart, in Hamburg, Bremen, Leipzig als der linke Mob durch die Gegen zog. Wo genau war die Polizei be den #blacklivesmatter Demonstrationen. Warum bekommen einige eine Strafe wenn Sie ohne Maske neben einem anderen stehen,\u00a0 bei anderen wird genau gar\u00a0 nicht getan? Was ist mit den Drohungen des Scharia-gesetzes in Teilen von dt. St\u00e4dten?<\/p>\n<p>Was genau haben 99,99999 % der legalen Waffenbesitzer gemacht um eine Versch\u00e4rfung des Waffenrecht zu rechtfertigen?<\/p>\n<p>Wer erkl\u00e4rt einem normalen B\u00fcrger die vielen Ma\u00dfst\u00e4be und die vielen Gesetzesbr\u00fcche die nicht verfolgt werden andere dagegen mit aller staatlicher Gewalt?<\/p>\n<p>Diese Ungerechtigkeit schreit zum Himmel. Es ist zutiefst menschenverachtend, wie mit der Mehrzahl der wei\u00dfen B\u00fcrger umgegangen wird und was f\u00fcr unglaublich Frechheiten sich Ausl\u00e4nder oder gar Fl\u00fcchtlinge heraus nehmen k\u00f6nnen, ohne auch nur ann\u00e4hernd gleich behandelt zu werden?<\/p>\n<p>Hier eine Forderung aus Flugbl\u00e4ttern vor mehr als 70 Jahren<br \/>\n&#8220;<\/p>\n<p><strong>Schutz des einzelnen B\u00fcrgers vor der Willk\u00fcr verbrecherischer Gewaltstaaten\u201c<\/strong><\/p>\n<p>Die Forderung nach einem freiheitlichen und gerechten Staat wird im f\u00fcnften Flugblatt wiederholt und erweitert: \u201eFreiheit der Rede, Freiheit des Bekenntnisses, Schutz des einzelnen B\u00fcrgers vor der Willk\u00fcr verbrecherischer Gewaltstaaten\u201c. In diesen Menschenrechten sieht die Wei\u00dfe Rose die \u201eGrundlagen eines neuen Europa\u201c. Imperialismus, Militarismus und preu\u00dfischer Zentralismus sollen abgel\u00f6st werden durch eine \u201egrossz\u00fcgige Zusammenarbeit der europ\u00e4ischen V\u00f6lker\u201c und eine \u201ef\u00f6deralistische Staatenordnung\u201c.<br \/>\n(siehe: https:\/\/www.weisse-rose-stiftung.de\/widerstandsgruppe-weisse-rose\/flugblaetter\/)<\/p>\n<p>&#8220;<\/p>\n<blockquote>\n<p class=\"entry-title card-title\">\u201eNichts ist eines Kulturvolkes unw\u00fcrdiger, als sich ohne Widerstand von einer verantwortungslosen, und dunklen Trieben ergebenen Herrscherclique \u201eregieren\u201c zu lassen. Ist es nicht so, da\u00df sich jeder ehrliche Deutsche heute seiner Regierung sch\u00e4mt, und wer von uns ahnt das Ausma\u00df der Schmach, die \u00fcber uns und unsere Kinder kommen wird, wenn einst der Schleier von unseren Augen gefallen ist und die grauenvollsten und jegliches Ma\u00df unendlich \u00fcberschreitenden Verbrechen ans Tageslicht treten&#8220;<\/p>\n<\/blockquote>\n<p>Ist es \u00fcbertrieben? Ist es zu viel verlangt, da\u00df Gesetze auch f\u00fcr Nicht-Deutsche und Politiker in D gelten? Ist es w\u00fcrdig sich\u00a0 so in seinen Rechten einschr\u00e4nken zu lassen? Ist es w\u00fcrdig und richtig weiter die Parteien zu w\u00e4hlen die daf\u00fcr zust\u00e4ndig sind?<\/p>\n<p>Das finde ich nicht, und das sollte keiner meiner Leser so empfinden. Der Staat mu\u00df extrem verkleinert werden und die fast unbeschr\u00e4nkte Macht der Exekutive geb\u00e4ndigt werden. Sonst wird genau das Eintreten was im letzten Zitat steht.<\/p>\n<p>&nbsp;<\/p>\n","protected":false},"excerpt":{"rendered":"<p>Genau diesen Artikel: https:\/\/citronimus.de\/its-party-time\/ Den, ich leider dort nicht kommentieren kann, also hier. Ich habe es hier in Parteikorrektes Deutsch &#8222;\u00fcbersetzt&#8220; https:\/\/parteidervernunft.de\/das-recht-auch-auf-bewaffnete-selbstverteidigung-von-f-dominicus\/ Wo genau hat die Polizei hier Ihre Aufgabe erf\u00fcllt? Was ist mit den Ausschreitungen die immer am 1. Mai stattfinden, was mit den vielen Eigentumsdelikten wenn die Antifa &#8222;protestiert&#8220;. Wo genau wurden die [&hellip;]<\/p>\n","protected":false},"author":1,"featured_media":0,"comment_status":"open","ping_status":"open","sticky":false,"template":"","format":"standard","meta":{"footnotes":""},"categories":[207,7878,7838,7736,84,1709,7917,93,7777,7795,963,7750],"tags":[],"class_list":["post-8889","post","type-post","status-publish","format-standard","hentry","category-andere-blogs","category-bildung","category-deutschland","category-erziehung","category-freiheit","category-fud","category-gerechtigkeit","category-gewalt","category-unrecht","category-verbrechen","category-willkuer","category-zitat"],"_links":{"self":[{"href":"https:\/\/www.q-software-solutions.de\/blog\/wp-json\/wp\/v2\/posts\/8889","targetHints":{"allow":["GET"]}}],"collection":[{"href":"https:\/\/www.q-software-solutions.de\/blog\/wp-json\/wp\/v2\/posts"}],"about":[{"href":"https:\/\/www.q-software-solutions.de\/blog\/wp-json\/wp\/v2\/types\/post"}],"author":[{"embeddable":true,"href":"https:\/\/www.q-software-solutions.de\/blog\/wp-json\/wp\/v2\/users\/1"}],"replies":[{"embeddable":true,"href":"https:\/\/www.q-software-solutions.de\/blog\/wp-json\/wp\/v2\/comments?post=8889"}],"version-history":[{"count":0,"href":"https:\/\/www.q-software-solutions.de\/blog\/wp-json\/wp\/v2\/posts\/8889\/revisions"}],"wp:attachment":[{"href":"https:\/\/www.q-software-solutions.de\/blog\/wp-json\/wp\/v2\/media?parent=8889"}],"wp:term":[{"taxonomy":"category","embeddable":true,"href":"https:\/\/www.q-software-solutions.de\/blog\/wp-json\/wp\/v2\/categories?post=8889"},{"taxonomy":"post_tag","embeddable":true,"href":"https:\/\/www.q-software-solutions.de\/blog\/wp-json\/wp\/v2\/tags?post=8889"}],"curies":[{"name":"wp","href":"https:\/\/api.w.org\/{rel}","templated":true}]}}