{"id":9418,"date":"2020-10-06T07:31:33","date_gmt":"2020-10-06T05:31:33","guid":{"rendered":"https:\/\/www.q-software-solutions.de\/blog\/?p=9418"},"modified":"2020-10-06T07:42:48","modified_gmt":"2020-10-06T05:42:48","slug":"unser-derzeitiger-bundespraesident","status":"publish","type":"post","link":"https:\/\/www.q-software-solutions.de\/blog\/2020\/10\/unser-derzeitiger-bundespraesident\/","title":{"rendered":"Unser derzeitiger Bundespr\u00e4sident"},"content":{"rendered":"<p>ist eine Schande f\u00fcr Deutschland und f\u00fcr wirkllich jeden auch nur halbwegs Liberalen:<br \/>\nIch halte von unserem derzeitigen Bundespr\u00e4sidenten weniger als nichts:<br \/>\nhttps:\/\/www.michael-klonovsky.de\/acta-diurna\/item\/1454-4-oktober-2020<\/p>\n<p>Um die 7-te Minute, komm eine ganz groi\u00dfe historische L\u00fcge. <\/p>\n<p>&#8222;Wie grunds\u00e4tzlich verschieden war 1871 von 1990. Mit eiserner Hand wurde im Kaiserreich auch nach innen durchregiert. Katholiken, Sozialisten, Juden galten als &#8222;&#8220;Reichsfeinde&#8220;&#8220;, wurden verfolgt, ausgegrenzt, eingesperrt; Frauen von politischer Mitbestimmung ausgeschlossen. &#8220;<\/p>\n<p>Man kann nur hoffen er bleibt uns nicht erhalten. Das w\u00e4re eine wirkliche Schande f\u00fcr Deutschland aber leider auch das nichts Neues.<\/p>\n<p>Die Kriegserkl\u00e4rung 1871 ging von Frankreich aus, aber gut, ich verlange offensichtlch von meinem Bundespr\u00e4sidenten einfach zu viel. Am Besten wir stecken ihn in einen schalldichten durchsichtigen Kaste und lassen ihn dort machen&#8230;..<\/p>\n<p>Eine weiter L\u00fcge folgt kurz darauf:<br \/>\n&#8222;Nein: Wir stehen heute fest auf dem Fundament der Freiheitsbewegung und  der Demokratiegeschichte! Wir berufen uns auf die Ideen des Hambacher  Festes, der Paulskirche, der Weimarer Demokratie, des Grundgesetzes und  der Friedlichen Revolution.&#8220;<\/p>\n<p>Was hat staatliche Bewirtschatung und das Vorgehen in Corona Zeiten mit Freiheit zu tun?  Das es jede Menge Gesetze gegen Art 5 Abs 1 gibt, auch das entgeht unserem Bundespr\u00e4sidenten.<\/p>\n<p>&#8222;Es gibt noch immer zu viele Geschichten von zerst\u00f6rten Biographien&#8220;<\/p>\n<p>Klar, aber die wichtigsten haben es \u00fcberstanden- die Denunzianten. <\/p>\n<p>&#8222;Noch immer existiert ein deutliches Lohngef\u00e4lle zwischen Ost und West.  Noch immer haben sich \u00f6stlich der Elbe zu wenige Unternehmen  angesiedelt.<\/p>\n<p>Wer ist denn f\u00fcr Gesetze und Auflagen zust\u00e4ndig? Ach ja ich verga\u00df, ja wer&#8217;s sagt unser v\u00f6llig ungeeigneter Bundespr\u00e4sident. <\/p>\n<p>&#8222;Wir haben vielleicht alle miteinander untersch\u00e4tzt, wie langlebig manche  Benachteiligungen sein k\u00f6nnen, die dann oft auch noch \u00fcber Generationen  weitergegeben worden sind.&#8220;<\/p>\n<p>Na klar die \u00dcbernahme von Beamten und NSDAP Mitgliedern ist damals f\u00fcr die BRD besser gelaufen. Ist auch echt bl\u00f6d, da\u00df man den ganzen IM Kram nicht direkt \u00fcbernehmen konnte. Aber haben Sie keine Angst, wir  holen auf!<\/p>\n<p>!Der Umbruch traf die Menschen im Osten unseres Landes ungleich h\u00e4rter als im Westen.&#8220;<\/p>\n<p>Klar denn die DDR war ein Dreckloch und Erfolg wurde bestraft und Eigentum als unsozial behinder wo es nur geht. Die DDR Markt war ein Papier mit dem man sich auch wenn man es hatte, nicht kaufen konnte was man wollte sondern nur da was da war!<\/p>\n<p>Dann kommt wieder eine dicke L\u00fcge:<br \/>\n&#8222;Dazu geh\u00f6rt auch, dass wir offen \u00fcber Fehler und Ungerechtigkeiten  sprechen, auch falschen Mythen, egal auf welcher Seite sie bestehen,  entgegenwirken.<\/p>\n<p>Nichts an der Einheit war nicht durch Politiler beschmutzt.  Die Umstellung der DDR-Markt hatte mit nicht mal n\u00e4herungsweise etwas mit Wirtschaft zu tun. Alle bescheuereten Gesetze des BRD galten auf einmal auch f\u00fcr die DDR-ler<\/p>\n<p>&#8222;\u00dcber das &#8222;richtig&#8220; oder &#8222;falsch&#8220;, &#8222;alternativlos&#8220; oder &#8222;vertretbar&#8220; der Entscheidungen wird mit Sicherheit mit drei\u00dfig Jahren Abstand neu  geurteilt und gestritten werden. Nicht streiten m\u00fcssen wir \u00fcber die  Frage, welche traumatischen Folgen die Abwicklung ganzer Betriebe hatte.  Was die Aufl\u00f6sung der an diesen Betrieben h\u00e4ngenden sozialen und  kulturellen Strukturen f\u00fcr die Ostdeutschen bedeutete.<br \/>\n&#8220;<\/p>\n<p>Ha ha, alternativlos ist eine Erfindung von Frau Merkel. Aber gut was will man von deren Lehrer auch erwarten? Schwarze Kassen, Versprechungen und Gesetze noch und n\u00f6cher, die gab es auch anno 1990 schon. Nur konntne Sie es eben nicht gar so arg treiben oder hatten den Anstand es nicht zu tun.<\/p>\n<p>&#8220; die erfolgreiche Unternehmen gegr\u00fcndet haben, die mit neuen Ideen entleerte St\u00e4dte wieder attraktiv machen,&#8220;<\/p>\n<p>W\u00e4re auch bl\u00f6d f\u00fcr die Umverteiler wenn es nicht so w\u00e4re, Sie sind ja mehr als jeder Andere auf immer zunehmende Einnahmen angewiesen und unsere Sozialausgaben kennen nur eine Richtung &#8211; die nach oben. Inzwischen sind wir schon bei \u00fcber 1\/3 des BIP f\u00fcr politische Sch&#8230;.<\/p>\n","protected":false},"excerpt":{"rendered":"<p>ist eine Schande f\u00fcr Deutschland und f\u00fcr wirkllich jeden auch nur halbwegs Liberalen: Ich halte von unserem derzeitigen Bundespr\u00e4sidenten weniger als nichts: https:\/\/www.michael-klonovsky.de\/acta-diurna\/item\/1454-4-oktober-2020 Um die 7-te Minute, komm eine ganz groi\u00dfe historische L\u00fcge. &#8222;Wie grunds\u00e4tzlich verschieden war 1871 von 1990. Mit eiserner Hand wurde im Kaiserreich auch nach innen durchregiert. Katholiken, Sozialisten, Juden galten als [&hellip;]<\/p>\n","protected":false},"author":1,"featured_media":0,"comment_status":"open","ping_status":"open","sticky":false,"template":"","format":"standard","meta":{"footnotes":""},"categories":[7878,7838,1709,7917,93,345,7932,7858,28,963],"tags":[],"class_list":["post-9418","post","type-post","status-publish","format-standard","hentry","category-bildung","category-deutschland","category-fud","category-gerechtigkeit","category-gewalt","category-gutmenschen","category-hohn","category-liberalismus","category-politiker","category-willkuer"],"_links":{"self":[{"href":"https:\/\/www.q-software-solutions.de\/blog\/wp-json\/wp\/v2\/posts\/9418","targetHints":{"allow":["GET"]}}],"collection":[{"href":"https:\/\/www.q-software-solutions.de\/blog\/wp-json\/wp\/v2\/posts"}],"about":[{"href":"https:\/\/www.q-software-solutions.de\/blog\/wp-json\/wp\/v2\/types\/post"}],"author":[{"embeddable":true,"href":"https:\/\/www.q-software-solutions.de\/blog\/wp-json\/wp\/v2\/users\/1"}],"replies":[{"embeddable":true,"href":"https:\/\/www.q-software-solutions.de\/blog\/wp-json\/wp\/v2\/comments?post=9418"}],"version-history":[{"count":0,"href":"https:\/\/www.q-software-solutions.de\/blog\/wp-json\/wp\/v2\/posts\/9418\/revisions"}],"wp:attachment":[{"href":"https:\/\/www.q-software-solutions.de\/blog\/wp-json\/wp\/v2\/media?parent=9418"}],"wp:term":[{"taxonomy":"category","embeddable":true,"href":"https:\/\/www.q-software-solutions.de\/blog\/wp-json\/wp\/v2\/categories?post=9418"},{"taxonomy":"post_tag","embeddable":true,"href":"https:\/\/www.q-software-solutions.de\/blog\/wp-json\/wp\/v2\/tags?post=9418"}],"curies":[{"name":"wp","href":"https:\/\/api.w.org\/{rel}","templated":true}]}}