{"id":9889,"date":"2021-01-27T06:51:39","date_gmt":"2021-01-27T05:51:39","guid":{"rendered":"https:\/\/www.q-software-solutions.de\/blog\/?p=9889"},"modified":"2021-01-27T06:51:39","modified_gmt":"2021-01-27T05:51:39","slug":"proteste-gegen-unrecht","status":"publish","type":"post","link":"https:\/\/www.q-software-solutions.de\/blog\/2021\/01\/proteste-gegen-unrecht\/","title":{"rendered":"Proteste gegen Unrecht"},"content":{"rendered":"<p>Fiel mir nur gerade auf als ich die Schlagzeilen \u00fcberflog, ein gro\u00dfes Autohaus hier im S\u00fcdwesten macht zu (Autohaus Zschernitz) und ja klar wird es einige (erst mal?) Arbeitslose geben. Nur, wir haben nat\u00fcrlich eine klare Entkoppelung von dem was man jahrelang w\u00e4hlte und bis es einen wirklich trifft. Wir haben &#8222;Arbeitslosengeld&#8220;, und seit 2020 ganz viel Kurzarbeitergeld. Also viele die diese Parteien gew\u00e4hlt haben werden noch (am Anfang wo es noch &#8222;Geld&#8220; zu verteilen gibt) vor diesem Verhalten finanziell gesch\u00fctzt. Es braucht a nur noch knapp 8 Monate zu reichen. Dann sind Wahlen und dann hat der Souver\u00e4n (kleine Erinnerung: Demokratie = Volksherrschaft ) (ROTFL)  nicht mehr  zu melden. Er kann ja gerne einige Petitionen (Bittschriften) an die Vertreter schicken. Die m\u00f6gen das behandeln oder auch nicht. <\/p>\n<p>Kurz die Verantwortungslosigkeit der Politiker f\u00e4rbt an Angestellte\/Arbeiter ab. Nat\u00fcrlich gilt es nicht f\u00fcr Selbst\u00e4ndige, deren Steuern werden mi &#8222;Hilfen&#8220; vergolten.  Aber auch selber schuld man meint ja sozialdemokratische Parteien w\u00e4hlen zu m\u00fcssen.<\/p>\n<p>Nun wird es ironisch bis zynisch oder makaber. Wenn Sie heute auf Demos gegen die Coronama\u00dfnahmen gehen, sind sie Ignorant, Coronaleugner, ahnungslos also schlicht bl\u00f6d. Stellen Sie sich mal vor die AfD wird regieren, dann wird aus Ihnen sofort ein &#8222;verantwortungsvoller&#8220; B\u00fcrger, jemand der gegen das B\u00f6se der Welt einsteht. Der Zynismus daran ist, da\u00df die AfD nichts weiter ist als eine andere sozialdemokratische Partei vielleicht &#8217;ne CDU anno 70 &#8211; 80 er des 20. Jahrhunderts. In einer Demokratur soweit nach linke ger\u00fcckt ist das nat\u00fcrlich ein &#8222;Rechtsruck&#8220;. Ich meine wenn sie Sozialismus wollen, dann kann es eben nur   die f\u00fchrende Arbeiterklasse geben &#8211; nicht wahr? Somit wird aus einem Leugner nur durch die Wahl einer anderen sozialdemokratischen Partei eine &#8222;Freiheitsk\u00e4mpfer&#8220;. Wenn das nicht ironisch ist-was dann?<\/p>\n<p>Mein Wunsch, m\u00f6gen die W\u00e4hler dieser Parteien m\u00f6glichst bald in ihre pers\u00f6nliche H\u00f6lle eintreten&#8230;<\/p>\n<p>Ich habe schon lange vor dem Anfang meines Blogs die Gemeinheiten kritisiert. Als 19- j\u00e4hriger hatte ich einen Disput mit meinem Vater (Bauer) und damals habe ich schon gesagt, Subventionen sind Unrecht. H\u00e4tte ich mal damals schon gewu\u00dft, da\u00df man Leute die das wissen oder erkennen Liberale sind. Tja und h\u00e4tte ich mal damals gewu\u00dft das die FDP alles ist nur nicht &#8222;nur&#8220; liberal. Tja, das w\u00e4re ich wom\u00f6glich ganz woanders gelandet.  Mein einziges Problem mit dem Irrsinn in Deutschland &#8211; ich h\u00e4nge mit drin. Egal was passieren wird, egal wie schlimm es wird ich werde &#8222;Deutscher&#8220; sein. Auch wenn ich tausendfach dagegen protestierte und anschrieb. Nicht davon wird mich unber\u00fchrt lassen. Nein, ich werde in irgendeiner Weise f\u00fcr diese irre Ha\u00dfpolitik bezahlen m\u00fcssen. Wie oft wir es wahrscheinlich einigen sogar an&#8217;s Leben gehen. Nur kaum den Verantwortlichen. Wieviele Nazis wurden in N\u00fcrnberg &#8222;verurteilt&#8220;? Wieviele Sozialisten aus der SED wurden \u00fcberhaupt in irgendeiner Form belangt? Frau Kahhane eine IM, bekommt staatliche Unterst\u00fctzung f\u00fcr Ihre Denunziantenfirma. Es ist zynisch und ungerechter geht es auch nicht.<\/p>\n<p>Ach ja und die Liberalen halten es, wie Sie es immer taten, statt liberal zu handeln und zu w\u00e4hlen, w\u00e4hlen Sie hat irgendeine sozialdemokratische Partei&#8230;.<\/p>\n","protected":false},"excerpt":{"rendered":"<p>Fiel mir nur gerade auf als ich die Schlagzeilen \u00fcberflog, ein gro\u00dfes Autohaus hier im S\u00fcdwesten macht zu (Autohaus Zschernitz) und ja klar wird es einige (erst mal?) Arbeitslose geben. Nur, wir haben nat\u00fcrlich eine klare Entkoppelung von dem was man jahrelang w\u00e4hlte und bis es einen wirklich trifft. Wir haben &#8222;Arbeitslosengeld&#8220;, und seit 2020 [&hellip;]<\/p>\n","protected":false},"author":1,"featured_media":0,"comment_status":"open","ping_status":"open","sticky":false,"template":"","format":"standard","meta":{"footnotes":""},"categories":[98,7878,7838,7917,7986,7932,7879,40,20,289,7777,7795,963],"tags":[],"class_list":["post-9889","post","type-post","status-publish","format-standard","hentry","category-betrug","category-bildung","category-deutschland","category-gerechtigkeit","category-herrschaft","category-hohn","category-logik","category-luegen","category-politik","category-sozialismus","category-unrecht","category-verbrechen","category-willkuer"],"_links":{"self":[{"href":"https:\/\/www.q-software-solutions.de\/blog\/wp-json\/wp\/v2\/posts\/9889","targetHints":{"allow":["GET"]}}],"collection":[{"href":"https:\/\/www.q-software-solutions.de\/blog\/wp-json\/wp\/v2\/posts"}],"about":[{"href":"https:\/\/www.q-software-solutions.de\/blog\/wp-json\/wp\/v2\/types\/post"}],"author":[{"embeddable":true,"href":"https:\/\/www.q-software-solutions.de\/blog\/wp-json\/wp\/v2\/users\/1"}],"replies":[{"embeddable":true,"href":"https:\/\/www.q-software-solutions.de\/blog\/wp-json\/wp\/v2\/comments?post=9889"}],"version-history":[{"count":0,"href":"https:\/\/www.q-software-solutions.de\/blog\/wp-json\/wp\/v2\/posts\/9889\/revisions"}],"wp:attachment":[{"href":"https:\/\/www.q-software-solutions.de\/blog\/wp-json\/wp\/v2\/media?parent=9889"}],"wp:term":[{"taxonomy":"category","embeddable":true,"href":"https:\/\/www.q-software-solutions.de\/blog\/wp-json\/wp\/v2\/categories?post=9889"},{"taxonomy":"post_tag","embeddable":true,"href":"https:\/\/www.q-software-solutions.de\/blog\/wp-json\/wp\/v2\/tags?post=9889"}],"curies":[{"name":"wp","href":"https:\/\/api.w.org\/{rel}","templated":true}]}}